{"id":6777,"date":"2020-07-28T03:01:00","date_gmt":"2020-07-28T06:01:00","guid":{"rendered":"http:\/\/conurbanodiario.com.ar\/?p=6777"},"modified":"2020-07-29T12:37:42","modified_gmt":"2020-07-29T15:37:42","slug":"jubilado-asegura-que-los-delincuentes-le-cagaron-la-vida-y-que-por-ellos-perdio-todo","status":"publish","type":"post","link":"https:\/\/conurbanodiario.com.ar\/?p=6777","title":{"rendered":"JUBILADO ASEGURA QUE LOS DELINCUENTES LE \u00abCAGARON LA VIDA\u00bb Y QUE POR ELLOS PERDI\u00d3 \u00abTODO\u00bb"},"content":{"rendered":"\n<p>Jorge R\u00edos, el jubilado que mat\u00f3 a balazos a uno de los delincuentes que entr\u00f3 a robar a su casa de Quilmes hace diez d\u00edas, dijo hoy que esos ladrones le \u00abcagaron la vida\u00bb, que por ellos perdi\u00f3 \u00abtodo\u00bb y que viven a tres cuadras de su domicilio, por lo que no va a volver a vivir all\u00ed.<\/p>\n\n\n\n<p>\u00abAhora la pesadilla es mucho m\u00e1s grande. Esta gente vive a tres cuadras de mi casa, en la villa, \u00bfqu\u00e9 voy a volver? \u00a1Ni loco!, ni yo ni mi familia\u00bb, se\u00f1al\u00f3 ayer el herrero de 71 a\u00f1os en declaraciones al canal Todo Noticias (TN).<\/p>\n\n\n\n<p>\u00abYo ya tom\u00e9 la decisi\u00f3n que ah\u00ed no vuelvo. Esta gente me cag\u00f3 la vida de una manera&#8230; yo no voy a arrastrar a cinco nietos, tres hijos, los amigos\u2026 Perd\u00ed todo, perd\u00ed mis amistades, mi casa, mi barrio, mi forma de vida\u2026\u00bb, continu\u00f3 el jubilado, quien durante la entrevista se mostr\u00f3 angustiado y por momentos llor\u00f3, acompa\u00f1ado de sus abogados defensores, Marino Cid Aparicio y Fernando Soto.<\/p>\n\n\n\n<p>R\u00edos dijo que \u00e9l nunca le hizo \u00abda\u00f1o a nadie\u00bb, que siempre se consider\u00f3 \u00abun vecino muy servicial\u00bb, por lo que toda esta situaci\u00f3n es \u00abterrible\u00bb para \u00e9l y su familia.<\/p>\n\n\n\n<p>Respecto del hecho, el jubilado relat\u00f3 que se top\u00f3 con Franco Moreyra (26), alias \u00abPiolo\u00bb, adentro de su casa y que se trab\u00f3 en lucha con aquel.<\/p>\n\n\n\n<p>Cuando luchaba dijo que le grit\u00f3: \u00abNo te quiero matar, no te quiero tirar\u00bb y luego \u00abtirate al piso\u00bb, con intenciones de que depusiera su actitud.<\/p>\n\n\n\n<p>Tambi\u00e9n record\u00f3 que en un primer momento \u00e9l crey\u00f3 que en vez de un destornillador el asaltante estaba armado con un \u00abcuchillo\u00bb.<\/p>\n\n\n\n<p>\u00abPens\u00e9 que me clavaba eso en el ojo. Me asust\u00e9 mucho\u00bb, se\u00f1al\u00f3 el jubilado, quien a\u00fan lleva vendas en las heridas que recibi\u00f3 en sus brazos.<\/p>\n\n\n\n<p>Seg\u00fan R\u00edos, tras el forcejeo, a Moreyra ese destornillador se le cay\u00f3 al piso, al igual que una tarjeta SUBE y un carnet del club Quilmes.<\/p>\n\n\n\n<p>Despu\u00e9s de luchar, R\u00edos dijo que se volvi\u00f3 \u00abloco\u00bb cuando el delincuente se trep\u00f3 por el muro para escapar hacia la casa de su comadre, a quien le comenz\u00f3 a gritar para advertirle que estaban en su vivienda.<\/p>\n\n\n\n<p>\u00abDesde abajo, cuando pensaba en sacarle el seguro, el seguro ya no estaba, y ah\u00ed fue un tiro\u00bb, sostuvo.<\/p>\n\n\n\n<p>Y respecto de la siguiente secuencia cuando \u00e9l sale a la calle detr\u00e1s del delincuente, el jubilado dijo que \u00abfue todo tan confuso\u00bb<\/p>\n\n\n\n<p>\u00abAh\u00ed se me nubl\u00f3 todo (\u2026) Se me hace una nebulosa muy jodida en la cabeza\u00bb, explic\u00f3.<\/p>\n\n\n\n<p>Consultado de si \u00e9l llam\u00f3 a la Polic\u00eda ya que era la tercera vez en la misma noche que le entraban a robar los mismos delincuentes, R\u00edos dijo que no lo hizo: \u00abPodr\u00eda decir que me bloque\u00e9\u00bb.<\/p>\n","protected":false},"excerpt":{"rendered":"<p>Jorge R\u00edos, el jubilado que mat\u00f3 a balazos a uno de los delincuentes que entr\u00f3&#8230;<\/p>\n","protected":false},"author":1,"featured_media":59656,"comment_status":"open","ping_status":"open","sticky":false,"template":"","format":"standard","meta":{"footnotes":""},"categories":[10],"tags":[],"class_list":["post-6777","post","type-post","status-publish","format-standard","has-post-thumbnail","hentry","category-seguridad"],"_links":{"self":[{"href":"https:\/\/conurbanodiario.com.ar\/index.php?rest_route=\/wp\/v2\/posts\/6777","targetHints":{"allow":["GET"]}}],"collection":[{"href":"https:\/\/conurbanodiario.com.ar\/index.php?rest_route=\/wp\/v2\/posts"}],"about":[{"href":"https:\/\/conurbanodiario.com.ar\/index.php?rest_route=\/wp\/v2\/types\/post"}],"author":[{"embeddable":true,"href":"https:\/\/conurbanodiario.com.ar\/index.php?rest_route=\/wp\/v2\/users\/1"}],"replies":[{"embeddable":true,"href":"https:\/\/conurbanodiario.com.ar\/index.php?rest_route=%2Fwp%2Fv2%2Fcomments&post=6777"}],"version-history":[{"count":1,"href":"https:\/\/conurbanodiario.com.ar\/index.php?rest_route=\/wp\/v2\/posts\/6777\/revisions"}],"predecessor-version":[{"id":6779,"href":"https:\/\/conurbanodiario.com.ar\/index.php?rest_route=\/wp\/v2\/posts\/6777\/revisions\/6779"}],"wp:featuredmedia":[{"embeddable":true,"href":"https:\/\/conurbanodiario.com.ar\/index.php?rest_route=\/wp\/v2\/media\/59656"}],"wp:attachment":[{"href":"https:\/\/conurbanodiario.com.ar\/index.php?rest_route=%2Fwp%2Fv2%2Fmedia&parent=6777"}],"wp:term":[{"taxonomy":"category","embeddable":true,"href":"https:\/\/conurbanodiario.com.ar\/index.php?rest_route=%2Fwp%2Fv2%2Fcategories&post=6777"},{"taxonomy":"post_tag","embeddable":true,"href":"https:\/\/conurbanodiario.com.ar\/index.php?rest_route=%2Fwp%2Fv2%2Ftags&post=6777"}],"curies":[{"name":"wp","href":"https:\/\/api.w.org\/{rel}","templated":true}]}}