{"id":6771,"date":"2020-07-29T03:05:00","date_gmt":"2020-07-29T06:05:00","guid":{"rendered":"http:\/\/conurbanodiario.com.ar\/?p=6771"},"modified":"2020-07-27T21:10:55","modified_gmt":"2020-07-28T00:10:55","slug":"marchioni-es-la-sexta-cara-nueva-de-temperley","status":"publish","type":"post","link":"https:\/\/conurbanodiario.com.ar\/?p=6771","title":{"rendered":"MARCHIONI ES LA SEXTA CARA NUEVA DE TEMPERLEY"},"content":{"rendered":"\n<p>El mediocampista Juli\u00e1n Marchioni se convirti\u00f3 en la sexta cara nueva de Temperley con miras a la reanudaci\u00f3n de la competencia en la Primera Nacional de f\u00fatbol, hoy interrumpida por el coronavirus.<\/p>\n\n\n\n<p>El volante platense, de 27 a\u00f1os, acord\u00f3 su vinculaci\u00f3n a la entidad \u2018gasolera\u2019 hasta diciembre de 2021, luego de que se venciera su contrato con Independiente Rivadavia Mendoza en junio \u00faltimo.<\/p>\n\n\n\n<p>\u201cPuedo confirmar que soy nuevo jugador de Temperley. El cuerpo t\u00e9cnico de Walter Perazzo se comunic\u00f3 conmigo y luego los dirigentes hicieron su trabajo\u201d inform\u00f3 el jugador que surgi\u00f3 en las divisiones formativas de Estudiantes de La Plata.<\/p>\n\n\n\n<p>\u201cLo que m\u00e1s me sedujo para venir es el deseo del entrenador. Eso motiva mucho a un jugador. S\u00e9 a la clase de club a la que lleg\u00f3\u201d indic\u00f3 Marchioni al programa partidario \u2018El show de Temperley\u2019 (AM 1520).<\/p>\n\n\n\n<p>De esta manera, Temperley ya tiene seis incorporaciones, con miras a la vuelta del f\u00fatbol, todav\u00eda sin fecha fija.<\/p>\n\n\n\n<p>El conjunto del sur bonaerense ya tiene \u2018abrochados\u2019 a Ariel C\u00f3lzera y Franco Leys (ambos de Sarmiento de Jun\u00edn), Gonzalo Vivas y Jonathan Fleita (los dos llegaron desde Nueva Chicago) y Agust\u00edn Garc\u00eda Basso (Agropecuario de Carlos Casares).<\/p>\n\n\n\n<p>Adem\u00e1s, en las pr\u00f3ximas horas, la dirigencia del \u2018Gasolero\u2019 podr\u00eda sellar el arribo del marcador de punta por izquierda Luciano Balbi, de 31 a\u00f1os y con pasado en Lan\u00fas, Hurac\u00e1n y Uni\u00f3n de Santa Fe, entre otras instituciones.<\/p>\n","protected":false},"excerpt":{"rendered":"<p>El mediocampista Juli\u00e1n Marchioni se convirti\u00f3 en la sexta cara nueva de Temperley con miras&#8230;<\/p>\n","protected":false},"author":1,"featured_media":59656,"comment_status":"open","ping_status":"open","sticky":false,"template":"","format":"standard","meta":{"footnotes":""},"categories":[32],"tags":[],"class_list":["post-6771","post","type-post","status-publish","format-standard","has-post-thumbnail","hentry","category-deportes"],"_links":{"self":[{"href":"https:\/\/conurbanodiario.com.ar\/index.php?rest_route=\/wp\/v2\/posts\/6771","targetHints":{"allow":["GET"]}}],"collection":[{"href":"https:\/\/conurbanodiario.com.ar\/index.php?rest_route=\/wp\/v2\/posts"}],"about":[{"href":"https:\/\/conurbanodiario.com.ar\/index.php?rest_route=\/wp\/v2\/types\/post"}],"author":[{"embeddable":true,"href":"https:\/\/conurbanodiario.com.ar\/index.php?rest_route=\/wp\/v2\/users\/1"}],"replies":[{"embeddable":true,"href":"https:\/\/conurbanodiario.com.ar\/index.php?rest_route=%2Fwp%2Fv2%2Fcomments&post=6771"}],"version-history":[{"count":1,"href":"https:\/\/conurbanodiario.com.ar\/index.php?rest_route=\/wp\/v2\/posts\/6771\/revisions"}],"predecessor-version":[{"id":6773,"href":"https:\/\/conurbanodiario.com.ar\/index.php?rest_route=\/wp\/v2\/posts\/6771\/revisions\/6773"}],"wp:featuredmedia":[{"embeddable":true,"href":"https:\/\/conurbanodiario.com.ar\/index.php?rest_route=\/wp\/v2\/media\/59656"}],"wp:attachment":[{"href":"https:\/\/conurbanodiario.com.ar\/index.php?rest_route=%2Fwp%2Fv2%2Fmedia&parent=6771"}],"wp:term":[{"taxonomy":"category","embeddable":true,"href":"https:\/\/conurbanodiario.com.ar\/index.php?rest_route=%2Fwp%2Fv2%2Fcategories&post=6771"},{"taxonomy":"post_tag","embeddable":true,"href":"https:\/\/conurbanodiario.com.ar\/index.php?rest_route=%2Fwp%2Fv2%2Ftags&post=6771"}],"curies":[{"name":"wp","href":"https:\/\/api.w.org\/{rel}","templated":true}]}}