{"id":6766,"date":"2020-07-29T03:06:00","date_gmt":"2020-07-29T06:06:00","guid":{"rendered":"http:\/\/conurbanodiario.com.ar\/?p=6766"},"modified":"2020-07-27T21:10:02","modified_gmt":"2020-07-28T00:10:02","slug":"maradona-pidio-sumarse-al-padron-de-socios-plenos-de-gimnasia","status":"publish","type":"post","link":"https:\/\/conurbanodiario.com.ar\/?p=6766","title":{"rendered":"MARADONA PIDI\u00d3 SUMARSE AL PADR\u00d3N DE SOCIOS PLENOS DE GIMNASIA"},"content":{"rendered":"\n<p>Diego Maradona sum\u00f3 otro gesto de afecto con Gimnasia y Esgrima La Plata y luego de mudarse a un barrio privado en las afueras de la capital bonaerense, ahora pidi\u00f3 pagar la cuota mensualmente y ser socio pleno del Lobo.<\/p>\n\n\n\n<p>Al momento de su llegada a Gimnasia, a mediados de 2019, Maradona ya hab\u00eda sido nombrado por la comisi\u00f3n directiva como socio honorario, pero ahora fue el propio entrenador quien pidi\u00f3 ser parte del padr\u00f3n y pagar mensualmente la cuota societaria para contribuir con la instituci\u00f3n, en el marco de este dif\u00edcil momento por la pandemia de coronavirus.<\/p>\n\n\n\n<p>Cabe recordar que el \u00abDiez\u00bb fue el primero en ponerse a disposici\u00f3n del club por el tema econ\u00f3mico en plena pandemia, y el pasado 3 de junio -en ocasi\u00f3n de un nuevo aniversario de \u00abLobo\u00bb- hizo oficial su continuidad hasta diciembre de 2021.<\/p>\n\n\n\n<p>De esta manera, el entrenador suma otra muestra de afecto con la instituci\u00f3n que le abri\u00f3 las puertas para su regreso al f\u00fatbol argentino, y se espera que en las pr\u00f3ximas horas se haga oficial el tr\u00e1mite, con un acto formal de entrega del carnet que identifique a Maradona como socio pleno del \u00abLobo\u00bb.<\/p>\n\n\n\n<p>La cuota del socio pleno acaba de sufrir un aumento, para poder costear el pago de todos los trabajadores del club, y actualmente tiene un valor de 1.000 pesos.<\/p>\n","protected":false},"excerpt":{"rendered":"<p>Diego Maradona sum\u00f3 otro gesto de afecto con Gimnasia y Esgrima La Plata y luego&#8230;<\/p>\n","protected":false},"author":1,"featured_media":59656,"comment_status":"open","ping_status":"open","sticky":false,"template":"","format":"standard","meta":{"footnotes":""},"categories":[32],"tags":[],"class_list":["post-6766","post","type-post","status-publish","format-standard","has-post-thumbnail","hentry","category-deportes"],"_links":{"self":[{"href":"https:\/\/conurbanodiario.com.ar\/index.php?rest_route=\/wp\/v2\/posts\/6766","targetHints":{"allow":["GET"]}}],"collection":[{"href":"https:\/\/conurbanodiario.com.ar\/index.php?rest_route=\/wp\/v2\/posts"}],"about":[{"href":"https:\/\/conurbanodiario.com.ar\/index.php?rest_route=\/wp\/v2\/types\/post"}],"author":[{"embeddable":true,"href":"https:\/\/conurbanodiario.com.ar\/index.php?rest_route=\/wp\/v2\/users\/1"}],"replies":[{"embeddable":true,"href":"https:\/\/conurbanodiario.com.ar\/index.php?rest_route=%2Fwp%2Fv2%2Fcomments&post=6766"}],"version-history":[{"count":1,"href":"https:\/\/conurbanodiario.com.ar\/index.php?rest_route=\/wp\/v2\/posts\/6766\/revisions"}],"predecessor-version":[{"id":6768,"href":"https:\/\/conurbanodiario.com.ar\/index.php?rest_route=\/wp\/v2\/posts\/6766\/revisions\/6768"}],"wp:featuredmedia":[{"embeddable":true,"href":"https:\/\/conurbanodiario.com.ar\/index.php?rest_route=\/wp\/v2\/media\/59656"}],"wp:attachment":[{"href":"https:\/\/conurbanodiario.com.ar\/index.php?rest_route=%2Fwp%2Fv2%2Fmedia&parent=6766"}],"wp:term":[{"taxonomy":"category","embeddable":true,"href":"https:\/\/conurbanodiario.com.ar\/index.php?rest_route=%2Fwp%2Fv2%2Fcategories&post=6766"},{"taxonomy":"post_tag","embeddable":true,"href":"https:\/\/conurbanodiario.com.ar\/index.php?rest_route=%2Fwp%2Fv2%2Ftags&post=6766"}],"curies":[{"name":"wp","href":"https:\/\/api.w.org\/{rel}","templated":true}]}}