{"id":6763,"date":"2020-07-28T03:08:00","date_gmt":"2020-07-28T06:08:00","guid":{"rendered":"http:\/\/conurbanodiario.com.ar\/?p=6763"},"modified":"2020-07-27T20:19:37","modified_gmt":"2020-07-27T23:19:37","slug":"el-uruguayo-silva-acuso-a-la-dirigencia-de-independiente-de-extorsion","status":"publish","type":"post","link":"https:\/\/conurbanodiario.com.ar\/?p=6763","title":{"rendered":"EL URUGUAYO SILVA ACUS\u00d3 A LA DIRIGENCIA DE INDEPENDIENTE DE \u00abEXTORSI\u00d3N\u00bb"},"content":{"rendered":"\n<p>El defensor uruguayo Gast\u00f3n Silva acus\u00f3 a la dirigencia de Independiente de \u00abextorsi\u00f3n\u00bb, tras la demanda que le realiz\u00f3 el club por ocho millones de d\u00f3lares en respuesta al reclamo del futbolista por \u00abcasi ocho meses\u00bb de sueldos impagos.<\/p>\n\n\n\n<p>Silva public\u00f3 una carta en su cuenta oficial de Twitter para brindar su postura luego de varios meses de conflicto.<\/p>\n\n\n\n<p>\u00abIndependiente me demanda por ocho millones de d\u00f3lares: de la negaci\u00f3n de la realidad a la extorsi\u00f3n\u00bb, sostiene el descargo p\u00fablico del jugador.<\/p>\n\n\n\n<p>En primer lugar, el defensor acusa a la dirigencia del \u00abRojo\u00bb de no cumplir el contrato firmado y que durante \u00abm\u00e1s de medio a\u00f1o de trabajo\u00bb no cobr\u00f3 en tiempo y forma su remuneraci\u00f3n.<\/p>\n\n\n\n<p>En ese sentido, el futbolista uruguayo acepta que percibe \u00abimportantes ingresos\u00bb pero remarc\u00f3 que no dejan de ser trabajadores y que por ello promete ejercer \u00abuna f\u00e9rrea defensa\u00bb legal.<\/p>\n\n\n\n<p>En cuanto a la contrademanda presentada por el club, por el monto de ocho millones de d\u00f3lares, Silva la catalog\u00f3 como \u00abterrorismo de mercado\u00bb ya que pretende \u00abgenerar temor en los clubes\u00bb que est\u00e9n interesados en contratarlo.<\/p>\n\n\n\n<p>\u00abMi caso es muy s\u00f3lido, no hay que ser abogado para darse cuenta de que si un club fue intimado al pago de una suma equivalente a casi ocho meses de sueldo y no te pag\u00f3, poco derecho tiene a reclamar. Sentido com\u00fan\u00bb, apunt\u00f3.<\/p>\n\n\n\n<p>Silva tambi\u00e9n revel\u00f3 que le ofreci\u00f3 una propuesta al club \u00abantes y despu\u00e9s\u00bb de la libertad de acci\u00f3n que otorg\u00f3 la AFA por falta de pago pero que desde la dirigencia encabezada por Hugo Moyano tomaron este caso como una cuesti\u00f3n \u00abpersonal\u00bb.<\/p>\n\n\n\n<p>\u00abResponden que el tema conmigo es personal, una cuesti\u00f3n de orgullo, que no les importa arreglar porque al juicio &#8216;lo va a pagar el pr\u00f3ximo'\u00bb, en referencia a una pr\u00f3xima dirigencia\u00bb.<\/p>\n\n\n\n<p>En este punto, Silva remarc\u00f3: \u00abMuchachos, al juicio lo va a pagar Independiente, no hay &#8216;ellos, nosotros ni pr\u00f3ximos'\u00bb.<\/p>\n\n\n\n<p>El jugador aclara que su posici\u00f3n \u00abes diferente\u00bb, ya que est\u00e1 agradecido con la conducci\u00f3n del club por haberle permitido tener \u00abel honor de jugar en un grande Am\u00e9rica\u00bb.<\/p>\n\n\n\n<p>\u00abEl club utiliza esta demanda para forzarme a arreglar bajo condiciones abusivas\u00bb, denunci\u00f3 Silva, quien advirti\u00f3 que de ser necesario se quedar\u00e1 sin jugar hasta que la FIFA se expida.<\/p>\n\n\n\n<p>Por otro lado, el jugador le dedic\u00f3 unas palabras al hincha de Independiente y asegur\u00f3 que entiende el \u00abenojo\u00bb pero aclar\u00f3 que \u00abno existe el jodido de Silva\u00bb y que en este caso \u00abhay un mal\u00f3n de jodidos\u00bb.<\/p>\n\n\n\n<p>\u00abSi tuviste problema con uno, quiz\u00e1 el &#8216;jodido sea ese uno&#8217;. Pero si ten\u00e9s problemas con casi todos, quiz\u00e1 tengas que revisar tu manera de conducir\u00bb, remarc\u00f3, para agregar que \u00abla pandemia afect\u00f3 a todos los clubes, pero noticia es uno solo\u00bb.<\/p>\n\n\n\n<p>Tambi\u00e9n consider\u00f3 que no es \u00abrazonable\u00bb que los dirigentes lo quieran \u00abensuciar\u00bb por el conflicto que protagoniz\u00f3 con Pumas, de M\u00e9xico, previo a su llegada al club de Avellaneda, y aclar\u00f3 que si se \u00aberr\u00f3 en el camino\u00bb de su contrataci\u00f3n, el \u00aberror\u00bb fue compartido.<\/p>\n\n\n\n<p>Luego del descargo, Silva expres\u00f3 que volver\u00e1 a guardar silencio p\u00fablico hasta \u00abesperar la palabra que importa: la de los tribunales de la FIFA\u00bb.<\/p>\n","protected":false},"excerpt":{"rendered":"<p>El defensor uruguayo Gast\u00f3n Silva acus\u00f3 a la dirigencia de Independiente de \u00abextorsi\u00f3n\u00bb, tras la&#8230;<\/p>\n","protected":false},"author":1,"featured_media":59656,"comment_status":"open","ping_status":"open","sticky":false,"template":"","format":"standard","meta":{"footnotes":""},"categories":[32],"tags":[],"class_list":["post-6763","post","type-post","status-publish","format-standard","has-post-thumbnail","hentry","category-deportes"],"_links":{"self":[{"href":"https:\/\/conurbanodiario.com.ar\/index.php?rest_route=\/wp\/v2\/posts\/6763","targetHints":{"allow":["GET"]}}],"collection":[{"href":"https:\/\/conurbanodiario.com.ar\/index.php?rest_route=\/wp\/v2\/posts"}],"about":[{"href":"https:\/\/conurbanodiario.com.ar\/index.php?rest_route=\/wp\/v2\/types\/post"}],"author":[{"embeddable":true,"href":"https:\/\/conurbanodiario.com.ar\/index.php?rest_route=\/wp\/v2\/users\/1"}],"replies":[{"embeddable":true,"href":"https:\/\/conurbanodiario.com.ar\/index.php?rest_route=%2Fwp%2Fv2%2Fcomments&post=6763"}],"version-history":[{"count":1,"href":"https:\/\/conurbanodiario.com.ar\/index.php?rest_route=\/wp\/v2\/posts\/6763\/revisions"}],"predecessor-version":[{"id":6765,"href":"https:\/\/conurbanodiario.com.ar\/index.php?rest_route=\/wp\/v2\/posts\/6763\/revisions\/6765"}],"wp:featuredmedia":[{"embeddable":true,"href":"https:\/\/conurbanodiario.com.ar\/index.php?rest_route=\/wp\/v2\/media\/59656"}],"wp:attachment":[{"href":"https:\/\/conurbanodiario.com.ar\/index.php?rest_route=%2Fwp%2Fv2%2Fmedia&parent=6763"}],"wp:term":[{"taxonomy":"category","embeddable":true,"href":"https:\/\/conurbanodiario.com.ar\/index.php?rest_route=%2Fwp%2Fv2%2Fcategories&post=6763"},{"taxonomy":"post_tag","embeddable":true,"href":"https:\/\/conurbanodiario.com.ar\/index.php?rest_route=%2Fwp%2Fv2%2Ftags&post=6763"}],"curies":[{"name":"wp","href":"https:\/\/api.w.org\/{rel}","templated":true}]}}