{"id":6740,"date":"2020-07-27T11:13:33","date_gmt":"2020-07-27T14:13:33","guid":{"rendered":"http:\/\/conurbanodiario.com.ar\/?p=6740"},"modified":"2020-08-14T04:19:48","modified_gmt":"2020-08-14T07:19:48","slug":"bloques-opositores-piden-alivio-para-comerciantes","status":"publish","type":"post","link":"https:\/\/conurbanodiario.com.ar\/?p=6740","title":{"rendered":"BLOQUES OPOSITORES PIDEN ALIVIO PARA COMERCIANTES"},"content":{"rendered":"\n<p>Los bloques de concejales de Juntos por el Cambio y GEN Progresista presentaron ante el Honorable Concejo Deliberante de Quilmes, el proyecto de Ordenanza para declarar la Emergencia Econ\u00f3mica para los comerciantes locales. Debido a la complicada situaci\u00f3n que atraviesan cientos de damnificados por la ca\u00edda de las ventas en el marco del Aislamiento Social, Preventivo y Obligatorio decretado por el gobierno nacional y, al agravamiento de la situaci\u00f3n epidemiol\u00f3gica en el distrito que les impide abrir las puertas de sus locales, los ediles de la oposici\u00f3n consideran necesario que el Estado municipal colabore con los comercios y PyMEs en tan dif\u00edcil circunstancia. Por ello, la Ordenanza establece que dentro del plazo de vigencia de la Emergencia Sanitaria nacional, se exima del pago de la Tasa de Seguridad e Higiene a los establecimientos que, con independencia de su forma societaria o jur\u00eddica, tuviesen la habilitaci\u00f3n municipal como comercio y que no hayan podido desarrollar su actividad de manera normal.<br>Asimismo se contemple una rebaja del 50% en los grav\u00e1menes durante un lapso de sesenta d\u00edas posteriores a la finalizaci\u00f3n del aislamiento y, se habilite al Ejecutivo municipal a dictar las normas reglamentarias e instrumentales que considere necesarias para la ejecuci\u00f3n de la Ordenanza. Los comerciantes durante estos \u00faltimos meses siguen haciendo frente al pago de salarios, alquileres, tasas y servicios, por lo que la oposici\u00f3n considera que es momento de aunar esfuerzos para ayudar desde el Estado municipal a que esta importante porci\u00f3n de la poblaci\u00f3n, pueda seguir siendo el motor productivo y comercial de la ciudad y, por ello aconseja al Ejecutivo la pronta aprobaci\u00f3n.<\/p>\n","protected":false},"excerpt":{"rendered":"<p>Los bloques de concejales de Juntos por el Cambio y GEN Progresista presentaron ante el&#8230;<\/p>\n","protected":false},"author":1,"featured_media":59656,"comment_status":"open","ping_status":"open","sticky":false,"template":"","format":"standard","meta":{"footnotes":""},"categories":[35],"tags":[],"class_list":["post-6740","post","type-post","status-publish","format-standard","has-post-thumbnail","hentry","category-politica"],"_links":{"self":[{"href":"https:\/\/conurbanodiario.com.ar\/index.php?rest_route=\/wp\/v2\/posts\/6740","targetHints":{"allow":["GET"]}}],"collection":[{"href":"https:\/\/conurbanodiario.com.ar\/index.php?rest_route=\/wp\/v2\/posts"}],"about":[{"href":"https:\/\/conurbanodiario.com.ar\/index.php?rest_route=\/wp\/v2\/types\/post"}],"author":[{"embeddable":true,"href":"https:\/\/conurbanodiario.com.ar\/index.php?rest_route=\/wp\/v2\/users\/1"}],"replies":[{"embeddable":true,"href":"https:\/\/conurbanodiario.com.ar\/index.php?rest_route=%2Fwp%2Fv2%2Fcomments&post=6740"}],"version-history":[{"count":1,"href":"https:\/\/conurbanodiario.com.ar\/index.php?rest_route=\/wp\/v2\/posts\/6740\/revisions"}],"predecessor-version":[{"id":6741,"href":"https:\/\/conurbanodiario.com.ar\/index.php?rest_route=\/wp\/v2\/posts\/6740\/revisions\/6741"}],"wp:featuredmedia":[{"embeddable":true,"href":"https:\/\/conurbanodiario.com.ar\/index.php?rest_route=\/wp\/v2\/media\/59656"}],"wp:attachment":[{"href":"https:\/\/conurbanodiario.com.ar\/index.php?rest_route=%2Fwp%2Fv2%2Fmedia&parent=6740"}],"wp:term":[{"taxonomy":"category","embeddable":true,"href":"https:\/\/conurbanodiario.com.ar\/index.php?rest_route=%2Fwp%2Fv2%2Fcategories&post=6740"},{"taxonomy":"post_tag","embeddable":true,"href":"https:\/\/conurbanodiario.com.ar\/index.php?rest_route=%2Fwp%2Fv2%2Ftags&post=6740"}],"curies":[{"name":"wp","href":"https:\/\/api.w.org\/{rel}","templated":true}]}}