{"id":6738,"date":"2020-07-27T09:09:59","date_gmt":"2020-07-27T12:09:59","guid":{"rendered":"http:\/\/conurbanodiario.com.ar\/?p=6738"},"modified":"2020-07-29T12:36:59","modified_gmt":"2020-07-29T15:36:59","slug":"el-fiscal-basa-su-acusacion-por-homicidio-en-la-autopsia-videos-vainas-y-un-testigo-presencial","status":"publish","type":"post","link":"https:\/\/conurbanodiario.com.ar\/?p=6738","title":{"rendered":"EL FISCAL BASA SU ACUSACI\u00d3N POR HOMICIDIO EN LA AUTOPSIA, VIDEOS, VAINAS Y UN TESTIGO PRESENCIAL"},"content":{"rendered":"\n<p>El fiscal que investiga el caso de Jorge R\u00edos, el herrero de 71 a\u00f1os que mat\u00f3 a tiros a uno de los delincuentes que entr\u00f3 a robar a su casa del partido bonaerense de Quilmes, tuvo en cuenta para acusar al jubilado de \u00abhomicidio agravado\u00bb los resultados de la autopsia, las im\u00e1genes de las c\u00e1maras de seguridad, el secuestro de tres vainas servidas en la escena del crimen y la declaraci\u00f3n de un testigo presencial.<\/p>\n\n\n\n<p>El propio jubilado admiti\u00f3 esta tarde en declaraciones a A24 que \u00e9l dispar\u00f3 \u201ctres o cuatro veces\u201d pero \u201csin apuntarle\u201d al ladr\u00f3n, aunque dijo que luego se le \u201cnubl\u00f3 todo\u201d y que no recuerda si le tir\u00f3 cuando ya estaba ca\u00eddo en el suelo.<\/p>\n\n\n\n<p>En tanto, esta semana comenzar\u00e1n en la Asesor\u00eda Pericial de la Procuraci\u00f3n en Lomas de Zamora el cotejo bal\u00edstico de las tres vainas servidas secuestradas en la escena del crimen con la pistola Bersa Thunder 9 mil\u00edmetros utilizada por R\u00edos.<\/p>\n\n\n\n<p>Adem\u00e1s, en las pr\u00f3ximas horas se define el pedido de la defensa particular para que aparten al fiscal de la causa, Ariel Rivas, de la Unidad Funcional de Instrucci\u00f3n (UFI) 1 de Quilmes.<\/p>\n\n\n\n<p>En caso de que el fiscal general de ese Departamento Judicial, Marcelo Dragui, finalmente rechace ese pedido, uno de los abogados del jubilado, Marino Cid Aparicio, dijo a T\u00e9lam que no descartan pedir la recusaci\u00f3n a la Justicia de Garant\u00edas, aunque aclar\u00f3 que est\u00e1n m\u00e1s enfocados en \u00abel tema central\u00bb que es la defensa t\u00e9cnica de R\u00edos.<\/p>\n\n\n\n<p>Y el objetivo de esa defensa es demostrar que se trat\u00f3 de un caso de \u00ableg\u00edtima defensa\u00bb y no de un \u00abhomicidio agravado por el uso de arma de fuego\u00bb, tal cual est\u00e1 caratulada la acusaci\u00f3n del fiscal Rivas.<\/p>\n\n\n\n<p>Una fuente calificada fuente judicial explic\u00f3 a T\u00e9lam que los elementos principales en los que se bas\u00f3 la imputaci\u00f3n son la autopsia, los videos, las vainas secuestradas y la declaraci\u00f3n de un colectivero que dijo haber visto la secuencia final de lo ocurrido entre R\u00edos y el delincuente fallecido, Franco Mar\u00edn Moreyra (26), alias \u00abPiolo\u00bb.<\/p>\n\n\n\n<p>De acuerdo al informe preliminar de la autopsia, \u00abPiolo\u00bb muri\u00f3 a ra\u00edz de dos heridas de bala, una en el t\u00f3rax y la otra en el abdomen; al tiempo que presentaba una fractura en un tobillo que se cree se lo lesion\u00f3 cuando se descolg\u00f3 del techo de la vivienda de R\u00edos.<\/p>\n\n\n\n<p>Las c\u00e1maras de videos del Municipio mostraron dos secuencias: una, cuando Moreyra se descuelga del techo y escapa a la carrera, aunque rengueando por la fractura de tobillo; y otra, a unos 60 metros de la casa del jubilado, donde se ve a \u00e9ste junto al ladr\u00f3n tirado en el piso, en el sitio donde finalmente fue encontrado muerto.<\/p>\n\n\n\n<p>En ese mismo lugar, los peritos secuestraron las vainas servidas, en tanto que por all\u00ed tambi\u00e9n pas\u00f3 dos veces en cuesti\u00f3n de segundos un colectivero que conduc\u00eda un Fiat Uno blanco, que tambi\u00e9n se ve en las im\u00e1genes de los videos.<\/p>\n\n\n\n<p>Este testigo declar\u00f3 ante el fiscal Rivas que \u00e9l vio a una \u00abpersona mayor\u00bb -presuntamente el herrero- patear a un joven ca\u00eddo y que en ese sitio escuch\u00f3 tres disparos, dos seguidos y, luego, un tercero.<\/p>\n\n\n\n<p>Sin embargo, la defensa de R\u00edos sostiene que los disparos que mataron a Moreyra no fueron efectuados all\u00ed, sino adentro de la casa, cuando el herrero puso en fuga a los delincuentes.<\/p>\n\n\n\n<p>A ra\u00edz de lo ocurrido aquella madrugada del 17 de julio \u00faltimo, el jubilado qued\u00f3 detenido inmediatamente despu\u00e9s del hecho, y tras negarse a declarar en su indagatoria ante el fiscal Rivas, su defensa solicit\u00f3 la excarcelaci\u00f3n extraordinaria por problemas de salud y debido a que a su edad es parte del grupo de riesgo ante la pandemia por coronavirus.<\/p>\n\n\n\n<p>El lunes pasado, un d\u00eda despu\u00e9s de que R\u00edos se descompens\u00f3 en la comisar\u00eda y debi\u00f3 ser asistido en un hospital, el juez de Garant\u00edas Mart\u00edn Nolfi le concedi\u00f3 el arresto domiciliario, tras lo cual, el jubilado se instal\u00f3 en la casa de un familiar.<\/p>\n\n\n\n<p>Para Cid Aparicio, al haberlo dejado detenido con esos problemas de salud, el fiscal Rivas incurri\u00f3 en \u00abp\u00e9rdida de objetividad, p\u00e9rdida de legalidad y violaci\u00f3n de leyes nacionales e internacionales\u00bb; argumentos con los que pidi\u00f3 su apartamiento.<\/p>\n\n\n\n<p>A su vez, los hijos del herrero decidieron poner en venta la vivienda de su padre, situada en Ayolas al 2700 de Quilmes Oeste y donde ocurri\u00f3 el asalto, ya que est\u00e1n cansados de los hechos de inseguridad y, a la vez, de recibir amenazas por parte de personas presuntamente allegadas a Moreyra.<\/p>\n\n\n\n<p>Ante esa situaci\u00f3n, el domicilio del jubilado qued\u00f3 durante toda la semana con custodia policial para prevenir posibles represalias.<\/p>\n\n\n\n<p>Por su parte, la Polic\u00eda de Quilmes, cuya c\u00fapula fue cambiada luego del hecho, detuvo a cuatro acusados de participar del intento de robo a R\u00edos: Cristian Chiara (23), Mart\u00edn Ariel Salto (27), Daniel Ezequiel C\u00f3rdoba (25) y Claudio Dahmer (27).<\/p>\n\n\n\n<p>Y mientras el cortejo f\u00fanebre que acompa\u00f1\u00f3 los restos de Moreyra pas\u00f3 por el frente del estadio del club Quilmes, los vecinos del herrero realizaron un cacerolazo frente a su casa para defender su accionar y exigir mayor seguridad.<\/p>\n\n\n\n<p>Por otro lado, las repercusiones de lo ocurrido con el jubilado alcanzaron en las \u00faltimas horas el caso de otra muerte violenta ocurrida hace seis a\u00f1os tambi\u00e9n en Quilmes y que tuvo como v\u00edctima a Adri\u00e1n Novillo (16), ya que el padre de este chico afirm\u00f3 que la misma banda que asalt\u00f3 a R\u00edos es la misma que asesin\u00f3 a golpes a su hijo.<\/p>\n","protected":false},"excerpt":{"rendered":"<p>El fiscal que investiga el caso de Jorge R\u00edos, el herrero de 71 a\u00f1os que&#8230;<\/p>\n","protected":false},"author":1,"featured_media":59656,"comment_status":"open","ping_status":"open","sticky":false,"template":"","format":"standard","meta":{"footnotes":""},"categories":[29],"tags":[],"class_list":["post-6738","post","type-post","status-publish","format-standard","has-post-thumbnail","hentry","category-judiciales"],"_links":{"self":[{"href":"https:\/\/conurbanodiario.com.ar\/index.php?rest_route=\/wp\/v2\/posts\/6738","targetHints":{"allow":["GET"]}}],"collection":[{"href":"https:\/\/conurbanodiario.com.ar\/index.php?rest_route=\/wp\/v2\/posts"}],"about":[{"href":"https:\/\/conurbanodiario.com.ar\/index.php?rest_route=\/wp\/v2\/types\/post"}],"author":[{"embeddable":true,"href":"https:\/\/conurbanodiario.com.ar\/index.php?rest_route=\/wp\/v2\/users\/1"}],"replies":[{"embeddable":true,"href":"https:\/\/conurbanodiario.com.ar\/index.php?rest_route=%2Fwp%2Fv2%2Fcomments&post=6738"}],"version-history":[{"count":1,"href":"https:\/\/conurbanodiario.com.ar\/index.php?rest_route=\/wp\/v2\/posts\/6738\/revisions"}],"predecessor-version":[{"id":6739,"href":"https:\/\/conurbanodiario.com.ar\/index.php?rest_route=\/wp\/v2\/posts\/6738\/revisions\/6739"}],"wp:featuredmedia":[{"embeddable":true,"href":"https:\/\/conurbanodiario.com.ar\/index.php?rest_route=\/wp\/v2\/media\/59656"}],"wp:attachment":[{"href":"https:\/\/conurbanodiario.com.ar\/index.php?rest_route=%2Fwp%2Fv2%2Fmedia&parent=6738"}],"wp:term":[{"taxonomy":"category","embeddable":true,"href":"https:\/\/conurbanodiario.com.ar\/index.php?rest_route=%2Fwp%2Fv2%2Fcategories&post=6738"},{"taxonomy":"post_tag","embeddable":true,"href":"https:\/\/conurbanodiario.com.ar\/index.php?rest_route=%2Fwp%2Fv2%2Ftags&post=6738"}],"curies":[{"name":"wp","href":"https:\/\/api.w.org\/{rel}","templated":true}]}}