{"id":6734,"date":"2020-07-27T09:05:43","date_gmt":"2020-07-27T12:05:43","guid":{"rendered":"http:\/\/conurbanodiario.com.ar\/?p=6734"},"modified":"2020-08-12T21:53:46","modified_gmt":"2020-08-13T00:53:46","slug":"6734","status":"publish","type":"post","link":"https:\/\/conurbanodiario.com.ar\/?p=6734","title":{"rendered":"JUBILADO ADMITI\u00d3 QUE DISPAR\u00d3 3 O 4 VECES SIN APUNTAR PERO QUE DESPU\u00c9S SE LE \u00abNUBL\u00d3 TODO\u00bb"},"content":{"rendered":"\n<p>Jorge R\u00edos, el herrero jubilado que mat\u00f3 a uno de los delincuentes que entr\u00f3 a robar a su casa del partido bonaerense de Quilmes, admiti\u00f3 hoy que primero dispar\u00f3 \u00abtres o cuatro veces\u00bb pero \u00absin apuntarle\u00bb al delincuente, aunque luego dijo que se le \u00abnubl\u00f3 todo\u00bb y que no recuerda si le tir\u00f3 cuando ya estaba ca\u00eddo en el suelo.<\/p>\n\n\n\n<p>En di\u00e1logo con A24, R\u00edos (71) dijo esta tarde que \u00e9l es un \u00abtipo tranquilo\u00bb que no naci\u00f3 \u00abpara matar\u00bb a nadie.<\/p>\n\n\n\n<p>Respecto del hecho, record\u00f3 que la madrugada del 17 de julio \u00faltimo los delincuentes \u00abentraron tres veces\u00bb a su casa de Ayolas al 2700, en Quilmes Oeste.<\/p>\n\n\n\n<p>\u00abLa primera vez entraron y robaron cables y cajas. Aparentemente saltaron y se cay\u00f3 en la casa de mi comadre (que vive al lado). Lo llamo a mi hijo, la despertamos a mi comadre y vimos por donde pudieron ingresar\u00bb, relat\u00f3.<\/p>\n\n\n\n<p>R\u00edos dijo que se volvi\u00f3 a acostar y que luego lo llam\u00f3 su comadre y le dijo que los delincuentes andaban \u00aben los techos\u00bb.<\/p>\n\n\n\n<p>\u00abMe levanto r\u00e1pido y voy hasta la parte de atr\u00e1s, siento un ruido como que arrastraban algo de chapa, miro y salgo con la llave en la mano, abro, voy a la puerta y no veo nada. Creo que fui a la esquina y no veo nada\u00bb, indic\u00f3.<\/p>\n\n\n\n<p>Y continu\u00f3: \u00abMe dije &#8216;estos desgraciados no me van a agarrar otra vez&#8217;, as\u00ed que me sent\u00e9 en la cocina y agarr\u00e9 el arma. Pas\u00f3 cerca de una hora y siento ruidos, y veo a trav\u00e9s de un vidrio que se abre una puerta que no ten\u00eda pasador y se mand\u00f3 adentro de la casa. Yo agarro el arma y ya lo ten\u00eda encima. Veo que algo le brilla en la mano, pens\u00e9 que era un cuchillo, y ah\u00ed nos trenzamos.\u00bb<\/p>\n\n\n\n<p>El herrero explic\u00f3 que antes de esa tercera secuencia, \u00e9l coloc\u00f3 el arma \u00abcon seguro\u00bb en un rinconero de la casa y que despu\u00e9s, ya cuando se top\u00f3 con el asaltante, \u00e9l intent\u00f3 \u00absacarlo\u00bb de la casa mientras que aquel lo \u00abarrastraba\u00bb.<\/p>\n\n\n\n<p>\u00abEntre gritos, salimos y veo que hab\u00eda otro que salta al techo. Con el que estaba peleando me peg\u00f3 en la cara, ten\u00eda mucho miedo, en la lucha vi que no era un cuchillo sino un destornillador\u00bb, detall\u00f3.<\/p>\n\n\n\n<p>Seg\u00fan el herrero, a ra\u00edz del forcejeo, \u00e9l cay\u00f3 y el delincuente quiso escapar: \u00abLo primero que atin\u00e9 a hacer fue levantarme y le digo &#8216;tirate al piso que no te quiero tirar&#8217; y \u00e9l se da vuelta, me abraza, me tira al piso y me levanta con mucha fuerza; me golpea contra el piso y salta al techo para ir a la casa de mi comadre\u00bb.<\/p>\n\n\n\n<p>\u00abAh\u00ed me volv\u00ed loco, le grit\u00e9 (a su comadre) que se le met\u00edan adentro (\u2026) Cuando me asomo por el tapial lo veo que est\u00e1 trepando por el techo (\u2026) tir\u00e9 tres o cuatro tiros sin apuntarle para ese lado y ah\u00ed me perd\u00ed\u00bb, describi\u00f3.<\/p>\n\n\n\n<p>\u00abEstaba enceguecido y con mucha bronca. Sal\u00ed como un zombie, caminando, y en la esquina lo veo y despu\u00e9s se me nubl\u00f3 todo, ni me acuerdo que hice. Vino un vecino que me dijo &#8216;vamos Jorge que nos van a matar'\u00bb, a\u00f1adi\u00f3.<\/p>\n\n\n\n<p>R\u00edos indic\u00f3 que cuando se encontr\u00f3 con el delincuente en la calle, \u00e9ste le dijo \u00abojo que te ponemos\u00bb, ante lo cual, \u00e9l le peg\u00f3 \u00abuna patada\u00bb.<\/p>\n\n\n\n<p>\u00abNo me acuerdo si le tir\u00e9 en ese momento\u00bb, se\u00f1al\u00f3 el jubilado y aclar\u00f3 que hubo \u00abmuchas cosas que se le perdieron\u00bb.<\/p>\n\n\n\n<p>\u00abTengo miedo de decir algo que no es y que sea perjudicial\u00bb, concluy\u00f3.<\/p>\n","protected":false},"excerpt":{"rendered":"<p>Jorge R\u00edos, el herrero jubilado que mat\u00f3 a uno de los delincuentes que entr\u00f3 a&#8230;<\/p>\n","protected":false},"author":1,"featured_media":59656,"comment_status":"open","ping_status":"open","sticky":false,"template":"","format":"standard","meta":{"footnotes":""},"categories":[29,10],"tags":[],"class_list":["post-6734","post","type-post","status-publish","format-standard","has-post-thumbnail","hentry","category-judiciales","category-seguridad"],"_links":{"self":[{"href":"https:\/\/conurbanodiario.com.ar\/index.php?rest_route=\/wp\/v2\/posts\/6734","targetHints":{"allow":["GET"]}}],"collection":[{"href":"https:\/\/conurbanodiario.com.ar\/index.php?rest_route=\/wp\/v2\/posts"}],"about":[{"href":"https:\/\/conurbanodiario.com.ar\/index.php?rest_route=\/wp\/v2\/types\/post"}],"author":[{"embeddable":true,"href":"https:\/\/conurbanodiario.com.ar\/index.php?rest_route=\/wp\/v2\/users\/1"}],"replies":[{"embeddable":true,"href":"https:\/\/conurbanodiario.com.ar\/index.php?rest_route=%2Fwp%2Fv2%2Fcomments&post=6734"}],"version-history":[{"count":2,"href":"https:\/\/conurbanodiario.com.ar\/index.php?rest_route=\/wp\/v2\/posts\/6734\/revisions"}],"predecessor-version":[{"id":6737,"href":"https:\/\/conurbanodiario.com.ar\/index.php?rest_route=\/wp\/v2\/posts\/6734\/revisions\/6737"}],"wp:featuredmedia":[{"embeddable":true,"href":"https:\/\/conurbanodiario.com.ar\/index.php?rest_route=\/wp\/v2\/media\/59656"}],"wp:attachment":[{"href":"https:\/\/conurbanodiario.com.ar\/index.php?rest_route=%2Fwp%2Fv2%2Fmedia&parent=6734"}],"wp:term":[{"taxonomy":"category","embeddable":true,"href":"https:\/\/conurbanodiario.com.ar\/index.php?rest_route=%2Fwp%2Fv2%2Fcategories&post=6734"},{"taxonomy":"post_tag","embeddable":true,"href":"https:\/\/conurbanodiario.com.ar\/index.php?rest_route=%2Fwp%2Fv2%2Ftags&post=6734"}],"curies":[{"name":"wp","href":"https:\/\/api.w.org\/{rel}","templated":true}]}}