{"id":6731,"date":"2020-07-27T08:52:58","date_gmt":"2020-07-27T11:52:58","guid":{"rendered":"http:\/\/conurbanodiario.com.ar\/?p=6731"},"modified":"2020-07-27T08:52:58","modified_gmt":"2020-07-27T11:52:58","slug":"nuevo-contenedor-refrigerado-para-el-hospital-modular-de-varela","status":"publish","type":"post","link":"https:\/\/conurbanodiario.com.ar\/?p=6731","title":{"rendered":"NUEVO CONTENEDOR REFRIGERADO PARA EL HOSPITAL MODULAR DE VARELA"},"content":{"rendered":"\n<p>El s\u00e1bado, al hospital de emergencias arrib\u00f3 el contenedor refrigerado que se utilizar\u00e1 como morgue del establecimiento sanitario. Adquirido desde el hospital El Cruce de modo preventivo, la nueva infraestructura reforzar\u00e1 el servicio que ya cuentan los otros dos nosocomios del distrito. Adem\u00e1s, en la jornada se inform\u00f3 que \u201cel sistema de Salud local est\u00e1 controlado, con una ocupaci\u00f3n del 65% de las camas de terapia intermedia e intensiva\u201d.<\/p>\n","protected":false},"excerpt":{"rendered":"<p>El s\u00e1bado, al hospital de emergencias arrib\u00f3 el contenedor refrigerado que se utilizar\u00e1 como morgue&#8230;<\/p>\n","protected":false},"author":1,"featured_media":59656,"comment_status":"open","ping_status":"open","sticky":false,"template":"","format":"standard","meta":{"footnotes":""},"categories":[31],"tags":[],"class_list":["post-6731","post","type-post","status-publish","format-standard","has-post-thumbnail","hentry","category-salud"],"_links":{"self":[{"href":"https:\/\/conurbanodiario.com.ar\/index.php?rest_route=\/wp\/v2\/posts\/6731","targetHints":{"allow":["GET"]}}],"collection":[{"href":"https:\/\/conurbanodiario.com.ar\/index.php?rest_route=\/wp\/v2\/posts"}],"about":[{"href":"https:\/\/conurbanodiario.com.ar\/index.php?rest_route=\/wp\/v2\/types\/post"}],"author":[{"embeddable":true,"href":"https:\/\/conurbanodiario.com.ar\/index.php?rest_route=\/wp\/v2\/users\/1"}],"replies":[{"embeddable":true,"href":"https:\/\/conurbanodiario.com.ar\/index.php?rest_route=%2Fwp%2Fv2%2Fcomments&post=6731"}],"version-history":[{"count":1,"href":"https:\/\/conurbanodiario.com.ar\/index.php?rest_route=\/wp\/v2\/posts\/6731\/revisions"}],"predecessor-version":[{"id":6733,"href":"https:\/\/conurbanodiario.com.ar\/index.php?rest_route=\/wp\/v2\/posts\/6731\/revisions\/6733"}],"wp:featuredmedia":[{"embeddable":true,"href":"https:\/\/conurbanodiario.com.ar\/index.php?rest_route=\/wp\/v2\/media\/59656"}],"wp:attachment":[{"href":"https:\/\/conurbanodiario.com.ar\/index.php?rest_route=%2Fwp%2Fv2%2Fmedia&parent=6731"}],"wp:term":[{"taxonomy":"category","embeddable":true,"href":"https:\/\/conurbanodiario.com.ar\/index.php?rest_route=%2Fwp%2Fv2%2Fcategories&post=6731"},{"taxonomy":"post_tag","embeddable":true,"href":"https:\/\/conurbanodiario.com.ar\/index.php?rest_route=%2Fwp%2Fv2%2Ftags&post=6731"}],"curies":[{"name":"wp","href":"https:\/\/api.w.org\/{rel}","templated":true}]}}