{"id":6728,"date":"2020-07-27T08:46:11","date_gmt":"2020-07-27T11:46:11","guid":{"rendered":"http:\/\/conurbanodiario.com.ar\/?p=6728"},"modified":"2020-08-12T21:53:34","modified_gmt":"2020-08-13T00:53:34","slug":"comienzan-a-funcionar-mas-servicios-y-rubros-comerciales-exceptuados","status":"publish","type":"post","link":"https:\/\/conurbanodiario.com.ar\/?p=6728","title":{"rendered":"COMIENZAN A FUNCIONAR M\u00c1S SERVICIOS Y RUBROS COMERCIALES EXCEPTUADOS"},"content":{"rendered":"\n<p>En virtud de las excepciones dispuestas para el actual per\u00edodo de aislamiento y distanciamiento por la pandemia de coronavirus, el Municipio, a trav\u00e9s de su subsecretar\u00eda de Comunicaci\u00f3n, Prensa, Ceremonial, Protocolo y Audiencias, difunde en redes sociales una campa\u00f1a informativa de los comercios, servicios y actividades habilitadas a funcionar, varias de ellas permitidas a partir de este lunes 27.<\/p>\n\n\n\n<p>\u201cConoc\u00e9 los rubros y actividades habilitadas durante la fase 3 del Aislamiento Social, Preventivo y Obligatorio que se encuentra en curso. Sigamos&nbsp; las medidas de prevenci\u00f3n e higiene para cuidarnos y cuidar al otro\u201d, expresa el posteo realizado en el espacio del Municipio en Facebook, en el cual se mostraron diez piezas gr\u00e1ficas informativas referidas a la nueva etapa en la emergencia sanitaria. \u201c\u00a1Hoy m\u00e1s que nunca, el compromiso es de todos!\u201d, resume la iniciativa.<\/p>\n\n\n\n<p>La informaci\u00f3n volcada precisa que a partir de este lunes estar\u00e1n permitidas las actividades de escribanos, de lunes a viernes de 14:00 a 20:00 horas; de abogados y arquitectos, martes y jueves de 14:00 a 20:00; y de contadores y agrimensores, lunes, mi\u00e9rcoles y viernes, de 10:00 a 16:00.<\/p>\n\n\n\n<p>Adem\u00e1s, tambi\u00e9n quedar\u00e1n habilitadas las mudanzas para servicios esenciales, todos los d\u00edas de 10:00 a 18:00; y para privados, los s\u00e1bados y domingos de 10:00 a 18:00; y las inmobiliarias, los martes, jueves y s\u00e1bados de 10:00 a 16:00.<\/p>\n\n\n\n<p>En tanto, desde hoy, los kinesi\u00f3logos, pod\u00f3logos, nutricionistas y fonoaudi\u00f3logos podr\u00e1n desempe\u00f1ar sus labores con estrictos protocolos sanitarios y turnos otorgados previamente, los d\u00edas lunes, mi\u00e9rcoles y viernes, de 9:00 a 16:00.<\/p>\n\n\n\n<p>Lo propio deber\u00e1 cumplirse en peluquer\u00edas y est\u00e9ticas permitidas entre las 9:00 y las 20:00, de martes a s\u00e1bados.<\/p>\n\n\n\n<p>La campa\u00f1a informa que los comercios de venta de bebidas y comidas elaboradas deben funcionar de 16:00 a 23:00 con la modalidad take away (se realiza el pedido telef\u00f3nicamente desde el hogar, y en el punto de venta, s\u00f3lo se retira lo que se va a consumir) Tener servicio de delibery es a criterio de cada comercio.<\/p>\n\n\n\n<p>Los locales de venta al por menor de productos textiles, prendas de vestir, calzados y juguetes, de cercan\u00eda barrial, deben funcionar sin ingreso de clientes, con take away, de lunes a s\u00e1bados de 10:00 a 18:00.<\/p>\n\n\n\n<p>Las agencias oficiales de loter\u00eda que pudieron retomar las actividades desde la semana pasada, funcionan de lunes a s\u00e1bados de 9:00 a 20:00 horas.<\/p>\n\n\n\n<p>En cuanto a los servicios brindados por gasistas, plomeros, electricistas, alba\u00f1iles, pintores, jardineros, herreros y quienes se dedican al mantenimiento de piletas, funcionan de lunes a s\u00e1bados de 9:00 a 16:00.<\/p>\n\n\n\n<p>En tanto, los dedicados a la venta al por menor de alimentos, bebida, verduras, carnes, medicamentos y elementos de higiene, de cercan\u00eda barrial, est\u00e1n habilitados todos los d\u00edas de 7:00 a 20:00 horas.<\/p>\n\n\n\n<p>Respecto a los profesionales y t\u00e9cnicos en seguridad e higiene laboral, pueden trabajar de lunes a viernes de 8:00 a 16:00; las casas de seguros y gestores, de lunes a viernes de 10:00 a 14:00; y los lavaderos de autos, con turno previo, de lunes a s\u00e1bados de 10:00 a 15:00.<\/p>\n\n\n\n<p>La difusi\u00f3n hace hincapi\u00e9 en el uso de protocolos, el mantenimiento del distanciamiento social de al menos dos metros y el necesario uso del tapa boca\/nariz; e insiste en lavado frecuente de manos con agua y jab\u00f3n, la utilizaci\u00f3n del alcohol en gel, y en caso de estornudar, hacerlo en el pliegue del codo.<\/p>\n\n\n\n<p>Vale recordar que mayor informaci\u00f3n del distrito acerca de la evoluci\u00f3n de la pandemia el municipio la suministra a trav\u00e9s de www.varela.gob.ar\/coronavirus.<\/p>\n","protected":false},"excerpt":{"rendered":"<p>En virtud de las excepciones dispuestas para el actual per\u00edodo de aislamiento y distanciamiento por&#8230;<\/p>\n","protected":false},"author":1,"featured_media":59656,"comment_status":"open","ping_status":"open","sticky":false,"template":"","format":"standard","meta":{"footnotes":""},"categories":[3],"tags":[],"class_list":["post-6728","post","type-post","status-publish","format-standard","has-post-thumbnail","hentry","category-informacion-general"],"_links":{"self":[{"href":"https:\/\/conurbanodiario.com.ar\/index.php?rest_route=\/wp\/v2\/posts\/6728","targetHints":{"allow":["GET"]}}],"collection":[{"href":"https:\/\/conurbanodiario.com.ar\/index.php?rest_route=\/wp\/v2\/posts"}],"about":[{"href":"https:\/\/conurbanodiario.com.ar\/index.php?rest_route=\/wp\/v2\/types\/post"}],"author":[{"embeddable":true,"href":"https:\/\/conurbanodiario.com.ar\/index.php?rest_route=\/wp\/v2\/users\/1"}],"replies":[{"embeddable":true,"href":"https:\/\/conurbanodiario.com.ar\/index.php?rest_route=%2Fwp%2Fv2%2Fcomments&post=6728"}],"version-history":[{"count":1,"href":"https:\/\/conurbanodiario.com.ar\/index.php?rest_route=\/wp\/v2\/posts\/6728\/revisions"}],"predecessor-version":[{"id":6730,"href":"https:\/\/conurbanodiario.com.ar\/index.php?rest_route=\/wp\/v2\/posts\/6728\/revisions\/6730"}],"wp:featuredmedia":[{"embeddable":true,"href":"https:\/\/conurbanodiario.com.ar\/index.php?rest_route=\/wp\/v2\/media\/59656"}],"wp:attachment":[{"href":"https:\/\/conurbanodiario.com.ar\/index.php?rest_route=%2Fwp%2Fv2%2Fmedia&parent=6728"}],"wp:term":[{"taxonomy":"category","embeddable":true,"href":"https:\/\/conurbanodiario.com.ar\/index.php?rest_route=%2Fwp%2Fv2%2Fcategories&post=6728"},{"taxonomy":"post_tag","embeddable":true,"href":"https:\/\/conurbanodiario.com.ar\/index.php?rest_route=%2Fwp%2Fv2%2Ftags&post=6728"}],"curies":[{"name":"wp","href":"https:\/\/api.w.org\/{rel}","templated":true}]}}