{"id":6722,"date":"2020-07-27T08:37:00","date_gmt":"2020-07-27T11:37:00","guid":{"rendered":"http:\/\/conurbanodiario.com.ar\/?p=6722"},"modified":"2020-07-27T08:38:51","modified_gmt":"2020-07-27T11:38:51","slug":"findel-varela-inscribe-para-seminario-que-abordara-presente-y-futuro-en-la-salud","status":"publish","type":"post","link":"https:\/\/conurbanodiario.com.ar\/?p=6722","title":{"rendered":"FINDEL VARELA INSCRIBE PARA SEMINARIO QUE ABORDAR\u00c1 PRESENTE Y FUTURO EN LA SALUD"},"content":{"rendered":"\n<p>La sede varelense de la Fundaci\u00f3n Internacional para el Desarrollo Local (FINDEL) habilit\u00f3 la inscripci\u00f3n del seminario \u201cGesti\u00f3n en Salud: medidas de prevenci\u00f3n ante el Covid y escenarios futuros\u201d que brindar\u00e1 de manera on line y gratuita, el pr\u00f3ximo mi\u00e9rcoles desde las 15:00 horas.<\/p>\n\n\n\n<p>La nueva propuesta contempla la participaci\u00f3n del secretario de Calidad en Salud del ministerio de Salud de la Naci\u00f3n, Arnaldo Medina; de la docente e investigadora de la Universidad Nacional Arturo Jauretche (UNAJ), doctora Liliana Borsani; y del director del hospital de alta complejidad El Cruce-N\u00e9stor Kirchner, doctor Ariel Saez de Guinoa.<\/p>\n\n\n\n<p>Los expositores ser\u00e1n presentados por el miembro de la entidad organizadora e integrante del Consejo de administraci\u00f3n del hospital N\u00e9stor Kirchner, el doctor Osvaldo Daniel Gonz\u00e1lez; mientras que moderar\u00e1 el evento, la coordinadora del \u00e1rea de articulaci\u00f3n comunitaria de la UNAJ, la doctora Natalia de Luca.<\/p>\n\n\n\n<p>\u00bfC\u00f3mo formar parte?<\/p>\n\n\n\n<p>Los interesados en participar deber\u00e1n inscribirse previamente, a trav\u00e9s del siguiente enlace: https:\/\/forms.gle\/Ex44VX4snKi3n7Tk9. Tienen tiempo hasta tres horas antes del inicio de la capacitaci\u00f3n, es decir, el mi\u00e9rcoles a las 12:00 horas. Se prev\u00e9 la entrega de certificados a quienes integren el auditorio.<\/p>\n\n\n\n<p>FINDEL-Varela es una fundaci\u00f3n de debate de pol\u00edticas p\u00fablicas a trav\u00e9s de la interrelaci\u00f3n de actores de diversos espacios institucionales, pol\u00edticos y acad\u00e9micos de m\u00e1ximo prestigio a nivel nacional e internacional. \u201cNuestro objetivo principal es fomentar estrategias de Desarrollo Local adecuadas a las demandas ciudadanas, ofreciendo, entre otros, para la implementaci\u00f3n de modelos de gobernanza territorial acordes a los desaf\u00edos contempor\u00e1neos\u201d, se consigna desde la entidad.<\/p>\n","protected":false},"excerpt":{"rendered":"<p>La sede varelense de la Fundaci\u00f3n Internacional para el Desarrollo Local (FINDEL) habilit\u00f3 la inscripci\u00f3n&#8230;<\/p>\n","protected":false},"author":1,"featured_media":59656,"comment_status":"open","ping_status":"open","sticky":false,"template":"","format":"standard","meta":{"footnotes":""},"categories":[31],"tags":[],"class_list":["post-6722","post","type-post","status-publish","format-standard","has-post-thumbnail","hentry","category-salud"],"_links":{"self":[{"href":"https:\/\/conurbanodiario.com.ar\/index.php?rest_route=\/wp\/v2\/posts\/6722","targetHints":{"allow":["GET"]}}],"collection":[{"href":"https:\/\/conurbanodiario.com.ar\/index.php?rest_route=\/wp\/v2\/posts"}],"about":[{"href":"https:\/\/conurbanodiario.com.ar\/index.php?rest_route=\/wp\/v2\/types\/post"}],"author":[{"embeddable":true,"href":"https:\/\/conurbanodiario.com.ar\/index.php?rest_route=\/wp\/v2\/users\/1"}],"replies":[{"embeddable":true,"href":"https:\/\/conurbanodiario.com.ar\/index.php?rest_route=%2Fwp%2Fv2%2Fcomments&post=6722"}],"version-history":[{"count":1,"href":"https:\/\/conurbanodiario.com.ar\/index.php?rest_route=\/wp\/v2\/posts\/6722\/revisions"}],"predecessor-version":[{"id":6724,"href":"https:\/\/conurbanodiario.com.ar\/index.php?rest_route=\/wp\/v2\/posts\/6722\/revisions\/6724"}],"wp:featuredmedia":[{"embeddable":true,"href":"https:\/\/conurbanodiario.com.ar\/index.php?rest_route=\/wp\/v2\/media\/59656"}],"wp:attachment":[{"href":"https:\/\/conurbanodiario.com.ar\/index.php?rest_route=%2Fwp%2Fv2%2Fmedia&parent=6722"}],"wp:term":[{"taxonomy":"category","embeddable":true,"href":"https:\/\/conurbanodiario.com.ar\/index.php?rest_route=%2Fwp%2Fv2%2Fcategories&post=6722"},{"taxonomy":"post_tag","embeddable":true,"href":"https:\/\/conurbanodiario.com.ar\/index.php?rest_route=%2Fwp%2Fv2%2Ftags&post=6722"}],"curies":[{"name":"wp","href":"https:\/\/api.w.org\/{rel}","templated":true}]}}