{"id":6719,"date":"2020-07-27T08:34:35","date_gmt":"2020-07-27T11:34:35","guid":{"rendered":"http:\/\/conurbanodiario.com.ar\/?p=6719"},"modified":"2020-07-27T08:34:48","modified_gmt":"2020-07-27T11:34:48","slug":"se-realizo-mural-en-conmemoracion-del-dia-internacional-del-trabajo-domestico-en-solano","status":"publish","type":"post","link":"https:\/\/conurbanodiario.com.ar\/?p=6719","title":{"rendered":"SE REALIZ\u00d3 MURAL EN CONMEMORACI\u00d3N DEL D\u00cdA INTERNACIONAL DEL TRABAJO DOM\u00c9STICO EN SOLANO"},"content":{"rendered":"\n<p>El Municipio de Quilmes informa que en un trabajo articulado entre la Secretar\u00eda de Educaci\u00f3n, Culturas y Deportes y la Secretar\u00eda de Mujeres y Diversidades se realiz\u00f3 el mural \u201cMujer\/Trabajo\u201d, ubicado en calles 891 y 835, de San Francisco Solano.<\/p>\n\n\n\n<p>Como se recordar\u00e1, los 22 de julio se conmemora el D\u00eda Internacional del Trabajo Dom\u00e9stico, con la intenci\u00f3n de visibilizar el trabajo no remunerado de reproducci\u00f3n y sost\u00e9n de la vida, realizado mayoritariamente por mujeres.<\/p>\n\n\n\n<p>El objetivo del mural es hacer notar el trabajo de la mujer en el \u00e1mbito privado y en este sentido, la secretaria de Mujeres y Diversidades, Sof\u00eda Tom\u00e9, destac\u00f3 que \u201cla decisi\u00f3n de pintar un mural relativo a la fecha surge de la necesidad de cuestionar estas asignaciones de roles tan arraigadas, el contexto de pandemia nos llama a ser creativas con nuestras manifestaciones, no podemos salir a la calle o hacer actividades en conjunto, como nos gustar\u00eda, por eso optamos por plasmar en las paredes de Quilmes esta reflexi\u00f3n sobre la fecha\u201d. Adem\u00e1s, sostuvo que: \u201cEl valor agregado del mural es que embellece la ciudad y es toda una declaraci\u00f3n que permanece, les vecines lo van a ver constantemente, y al estar lindante a la calle 835, de gran circulaci\u00f3n, proyecta la idea de poner en valor el trabajo de las mujeres\u201d.<\/p>\n\n\n\n<p>Desde, la Secretar\u00eda de Mujeres y Diversidades se busca concientizar respecto al trabajo dom\u00e9stico y de cuidado, generando distintas acciones que permitan identificar, repensar y transformar estos discursos, pr\u00e1cticas y acciones que deslegitiman el trabajo realizado por las mujeres en el interior de los hogares.<\/p>\n\n\n\n<p>Respecto de la obra; Leandro Cepeda, director de Arte P\u00fablico y Muralismo de la Subsecretar\u00eda de Culturas subray\u00f3 \u201cnos vinculamos para trabajar en la visibilizaci\u00f3n de esta campa\u00f1a a trav\u00e9s del arte con un dise\u00f1o que interpele desde lo visual para generar atracci\u00f3n y haga que el vecino o la vecina frene para interpretar el mensaje\u201d.<\/p>\n\n\n\n<p>Sumada a esta acci\u00f3n, se lanz\u00f3 la convocatoria abierta para participar en un concurso fotogr\u00e1fico enmarcado en esta tem\u00e1tica. Las bases y condiciones se encuentran en&nbsp;<a href=\"http:\/\/quilmes.gov.ar\/convocatoria\/\" target=\"_blank\" rel=\"noreferrer noopener\">http:\/\/quilmes.gov.ar\/convocatoria\/<\/a><\/p>\n","protected":false},"excerpt":{"rendered":"<p>El Municipio de Quilmes informa que en un trabajo articulado entre la Secretar\u00eda de Educaci\u00f3n,&#8230;<\/p>\n","protected":false},"author":1,"featured_media":59656,"comment_status":"open","ping_status":"open","sticky":false,"template":"","format":"standard","meta":{"footnotes":""},"categories":[3],"tags":[],"class_list":["post-6719","post","type-post","status-publish","format-standard","has-post-thumbnail","hentry","category-informacion-general"],"_links":{"self":[{"href":"https:\/\/conurbanodiario.com.ar\/index.php?rest_route=\/wp\/v2\/posts\/6719","targetHints":{"allow":["GET"]}}],"collection":[{"href":"https:\/\/conurbanodiario.com.ar\/index.php?rest_route=\/wp\/v2\/posts"}],"about":[{"href":"https:\/\/conurbanodiario.com.ar\/index.php?rest_route=\/wp\/v2\/types\/post"}],"author":[{"embeddable":true,"href":"https:\/\/conurbanodiario.com.ar\/index.php?rest_route=\/wp\/v2\/users\/1"}],"replies":[{"embeddable":true,"href":"https:\/\/conurbanodiario.com.ar\/index.php?rest_route=%2Fwp%2Fv2%2Fcomments&post=6719"}],"version-history":[{"count":1,"href":"https:\/\/conurbanodiario.com.ar\/index.php?rest_route=\/wp\/v2\/posts\/6719\/revisions"}],"predecessor-version":[{"id":6721,"href":"https:\/\/conurbanodiario.com.ar\/index.php?rest_route=\/wp\/v2\/posts\/6719\/revisions\/6721"}],"wp:featuredmedia":[{"embeddable":true,"href":"https:\/\/conurbanodiario.com.ar\/index.php?rest_route=\/wp\/v2\/media\/59656"}],"wp:attachment":[{"href":"https:\/\/conurbanodiario.com.ar\/index.php?rest_route=%2Fwp%2Fv2%2Fmedia&parent=6719"}],"wp:term":[{"taxonomy":"category","embeddable":true,"href":"https:\/\/conurbanodiario.com.ar\/index.php?rest_route=%2Fwp%2Fv2%2Fcategories&post=6719"},{"taxonomy":"post_tag","embeddable":true,"href":"https:\/\/conurbanodiario.com.ar\/index.php?rest_route=%2Fwp%2Fv2%2Ftags&post=6719"}],"curies":[{"name":"wp","href":"https:\/\/api.w.org\/{rel}","templated":true}]}}