{"id":6717,"date":"2020-07-31T03:05:00","date_gmt":"2020-07-31T06:05:00","guid":{"rendered":"http:\/\/conurbanodiario.com.ar\/?p=6717"},"modified":"2020-07-24T21:57:51","modified_gmt":"2020-07-25T00:57:51","slug":"los-puestos-de-mercado-vecino-siguen-recorriendo-los-barrios-en-agosto","status":"publish","type":"post","link":"https:\/\/conurbanodiario.com.ar\/?p=6717","title":{"rendered":"LOS PUESTOS DE \u00abMERCADO VECINO\u00bb SIGUEN RECORRIENDO LOS BARRIOS EN AGOSTO"},"content":{"rendered":"\n<p><strong>\u201cMercado Vecino\u201d, la feria saludable y econ\u00f3mica organizada por la Municipalidad de Berazategui, contin\u00faa en agosto con su cronograma itinerante, ofreciendo a los vecinos frutas y verduras, entre otros alimentos esenciales, a precios asequibles y de excelente calidad, en distintos barrios de la ciudad.<\/strong><\/p>\n\n\n\n<p>Ante la situaci\u00f3n de emergencia sanitaria, se controla en cada una de las ediciones que los vecinos respeten el distanciamiento social, las pautas de higiene y el uso de tapaboca, para prevenir la propagaci\u00f3n del COVID-19.<\/p>\n\n\n\n<p>Mercado Vecino es un Programa dependiente de la Secretar\u00eda de Trabajo, que incluye productos de panader\u00eda, carnicer\u00eda, verduler\u00eda, huevos, l\u00e1cteos y pastas de calidad, a muy buenos precios.<\/p>\n\n\n\n<p>Durante agosto, la feria cumplir\u00e1 con el siguiente cronograma, en el horario de 8.30 a 12.30:<\/p>\n\n\n\n<p>&#8211; Lunes 3\/8: Plaza Tiscornia, Av. 14 entre 132 y 133.<br>&#8211; Martes 4\/8: Delegaci\u00f3n Municipal de Guti\u00e9rrez, Av. 413 y 455.<br>&#8211; Mi\u00e9rcoles 5\/8: Plaza El Tanque, 134 entre 52 y 53 B (Barrio Mar\u00edtimo).<br>&#8211; Jueves 6\/8: Delegaci\u00f3n municipal El Pato, 611 y 517.<br>&#8211; Viernes 7\/8: Club Social y Deportivo Villa Olivero, 155 entre 9 y 10 (B\u00b0 Villa Olivero).<br>&#8211; Lunes 10\/8: Plaza Tiscornia, Av. 14 entre 132 y 133.<br>&#8211; Martes 11\/8: Club Social y Deportivo San Vicente, 135 y 35 (B\u00b0 La Primavera).<br>&#8211; Mi\u00e9rcoles 12\/8: Estaci\u00f3n de Hudson, 161 entre 58 y 58 A.<br>&#8211; Jueves 13\/8: Estaci\u00f3n de Pl\u00e1tanos, Lisandro de la Torre entre 44 y 46.<br>&#8211; Viernes 14\/8: Plaza Las Casillas, Av. 14 y 158 (B\u00b0 Gral. Mosconi).<br>&#8211; Martes 18\/8: Delegaci\u00f3n Municipal de Guti\u00e9rrez, Av. 413 y 455.<br>&#8211; Mi\u00e9rcoles 19\/8: Plaza El Tanque, 134 entre 52 y 53 B (Barrio Mar\u00edtimo).<br>&#8211; Jueves 20\/8: Delegaci\u00f3n municipal El Pato, 611 y 517.<br>&#8211; Viernes 21\/8: Club Social y Deportivo Villa Olivero, 155 entre 9 y 10 (B\u00b0 Villa Olivero).<br>&#8211; Lunes 24\/8: Plaza Tiscornia, Av. 14 entre 132 y 133.<br>&#8211; Martes 25\/8: Club Social y Deportivo San Vicente, 135 y 35 (B\u00b0 La Primavera).<br>&#8211; Mi\u00e9rcoles 26\/8: Estaci\u00f3n de Hudson, 161 entre 58 y 58 A.<br>&#8211; Jueves 27\/8: Estaci\u00f3n de Pl\u00e1tanos, Lisandro de la Torre entre 44 y 46.<br>&#8211; Viernes 28\/8: Plaza Las Casillas, Av. 14 y 158 (B\u00b0 Gral. Mosconi).<br>&#8211; Lunes 31\/8: Plaza Tiscornia, Av. 14 entre 132 y 133.<\/p>\n\n\n\n<p>Las fechas y lugares tambi\u00e9n se pueden consultar en&nbsp;<a href=\"http:\/\/berazategui.gob.ar\/mercadovecino\" target=\"_blank\" rel=\"noreferrer noopener\">berazategui.gob.ar\/mercadovecino<\/a>.<\/p>\n","protected":false},"excerpt":{"rendered":"<p>\u201cMercado Vecino\u201d, la feria saludable y econ\u00f3mica organizada por la Municipalidad de Berazategui, contin\u00faa en&#8230;<\/p>\n","protected":false},"author":1,"featured_media":59656,"comment_status":"open","ping_status":"open","sticky":false,"template":"","format":"standard","meta":{"footnotes":""},"categories":[3],"tags":[],"class_list":["post-6717","post","type-post","status-publish","format-standard","has-post-thumbnail","hentry","category-informacion-general"],"_links":{"self":[{"href":"https:\/\/conurbanodiario.com.ar\/index.php?rest_route=\/wp\/v2\/posts\/6717","targetHints":{"allow":["GET"]}}],"collection":[{"href":"https:\/\/conurbanodiario.com.ar\/index.php?rest_route=\/wp\/v2\/posts"}],"about":[{"href":"https:\/\/conurbanodiario.com.ar\/index.php?rest_route=\/wp\/v2\/types\/post"}],"author":[{"embeddable":true,"href":"https:\/\/conurbanodiario.com.ar\/index.php?rest_route=\/wp\/v2\/users\/1"}],"replies":[{"embeddable":true,"href":"https:\/\/conurbanodiario.com.ar\/index.php?rest_route=%2Fwp%2Fv2%2Fcomments&post=6717"}],"version-history":[{"count":1,"href":"https:\/\/conurbanodiario.com.ar\/index.php?rest_route=\/wp\/v2\/posts\/6717\/revisions"}],"predecessor-version":[{"id":6718,"href":"https:\/\/conurbanodiario.com.ar\/index.php?rest_route=\/wp\/v2\/posts\/6717\/revisions\/6718"}],"wp:featuredmedia":[{"embeddable":true,"href":"https:\/\/conurbanodiario.com.ar\/index.php?rest_route=\/wp\/v2\/media\/59656"}],"wp:attachment":[{"href":"https:\/\/conurbanodiario.com.ar\/index.php?rest_route=%2Fwp%2Fv2%2Fmedia&parent=6717"}],"wp:term":[{"taxonomy":"category","embeddable":true,"href":"https:\/\/conurbanodiario.com.ar\/index.php?rest_route=%2Fwp%2Fv2%2Fcategories&post=6717"},{"taxonomy":"post_tag","embeddable":true,"href":"https:\/\/conurbanodiario.com.ar\/index.php?rest_route=%2Fwp%2Fv2%2Ftags&post=6717"}],"curies":[{"name":"wp","href":"https:\/\/api.w.org\/{rel}","templated":true}]}}