{"id":6714,"date":"2020-07-25T03:07:00","date_gmt":"2020-07-25T06:07:00","guid":{"rendered":"http:\/\/conurbanodiario.com.ar\/?p=6714"},"modified":"2020-07-24T21:53:01","modified_gmt":"2020-07-25T00:53:01","slug":"berazategui-operativo-detectar-tambien-en-el-barrio-jacaranda","status":"publish","type":"post","link":"https:\/\/conurbanodiario.com.ar\/?p=6714","title":{"rendered":"BERAZATEGUI: OPERATIVO \u00abDETECTAR\u00bb TAMBI\u00c9N EN EL BARRIO JACARAND\u00c1"},"content":{"rendered":"\n<p><strong>Junto con el Gobierno de la provincia de Buenos Aires, la Municipalidad de Berazategui sigue implementando el Dispositivo Estrat\u00e9gico de Testeo para Coronavirus en Territorio de Argentina (DETeCTAr) en los diferentes barrios.<\/strong><\/p>\n\n\n\n<p>La quinta jornada de este operativo para evitar la proliferaci\u00f3n del COVID-19 se desarroll\u00f3 en el barrio Jacarand\u00e1, donde alrededor de 30 voluntarios, integrantes de movimientos sociales y promotores territoriales de salud se sumaron al trabajo de los agentes de la Secretar\u00eda de Salud municipal y del Ministerio de Salud bonaerense.<\/p>\n\n\n\n<p>De esta manera, como se viene haciendo en el \u00faltimo tiempo debido a la actual emergencia sanitaria, el equipo se encarg\u00f3 de recorrer aproximadamente unas 35 manzanas, casa por casa, a fin de evaluar la situaci\u00f3n epidemiol\u00f3gica del lugar, detectar a aquellas personas con s\u00edntomas compatibles con el virus y concientizar a la poblaci\u00f3n sobre las medidas de prevenci\u00f3n.<\/p>\n\n\n\n<p>\u201cEn el d\u00eda de la fecha llegamos al barrio Jacarand\u00e1 con un nuevo operativo del Programa DETeCTAr, que consiste en hacer un trabajo de terreno y salir a buscar activamente los casos sospechosos. \u00bfC\u00f3mo? Dialogando con los vecinos, inform\u00e1ndolos sobre los m\u00e9todos de prevenci\u00f3n frente al COVID-19 y detectando si alguno de ellos experimenta s\u00edntomas compatibles con esta enfermedad. En el caso de ser as\u00ed, lo acompa\u00f1amos hasta el Hospital M\u00f3vil, donde le hacemos una entrevista m\u00e9dica y, si corresponde, tambi\u00e9n el hisopado\u201d, explic\u00f3 la Dra. Luciana Soto, subsecretaria de Salud P\u00fablica e Higiene del Municipio, quien adem\u00e1s resalt\u00f3 los alcances de este operativo.<\/p>\n\n\n\n<p>\u201cDurante las visitas domiciliarias, tambi\u00e9n aprovechamos para hacer un relevamiento del terreno en cuanto a la situaci\u00f3n de vulnerabilidad social de los vecinos. Por ejemplo: controlar que las embarazadas, los ni\u00f1os y los adultos mayores est\u00e9n vacunados; o si en alguno de los hogares existe la necesidad de alimentos o alguna otra asistencia por parte del Estado\u201d, detall\u00f3 la m\u00e9dica y analiz\u00f3 al respecto: \u201cSin dudas, estas jornadas tambi\u00e9n nos ofrecen una excelente oportunidad para detectar y resolver otras problem\u00e1ticas de suma importancia para los berazateguenses\u201d.<\/p>\n\n\n\n<p>En cuanto a la elecci\u00f3n de los barrios de Berazategui alcanzados hasta el momento por la implementaci\u00f3n de este dispositivo, Soto advirti\u00f3 que adem\u00e1s de tratarse de barrios populares, con una importante densidad poblacional, tambi\u00e9n se tiene en cuenta el incremento en el historial de contagios. \u201cComo en algunas zonas del partido se observa un ligero aumento, suponemos que puede haber casos en los que la gente no consulte a pesar de tener s\u00edntomas, ya sea por no darle importancia o por asignarle otras razones. Entonces, esta es una muy buena herramienta para ir a buscarlos en forma activa, aislarlos, brindarles la atenci\u00f3n que necesitan y evitar la propagaci\u00f3n de la enfermedad\u201d, concluy\u00f3.<\/p>\n\n\n\n<p>Por su parte, Valeria Manchone, una de las enfermeras de la Municipalidad que particip\u00f3 de la jornada, resalt\u00f3 la buena predisposici\u00f3n de la comunidad a la hora de acceder a los testeos. \u201cLa gente es muy amable, responde a todas las consultas que les hacemos. Incluso, muchos se acercan voluntariamente para hacernos preguntas. Y uno se va satisfecho, porque esa es precisamente la idea: que los vecinos vean a estos operativos como una forma de cuidarse y seguir tomando conciencia frente a una enfermedad para la que, al menos por ahora, no hay vacuna\u201d, indic\u00f3.<\/p>\n\n\n\n<p>En este sentido, Federico Miguel, uno de los tantos vecinos que destac\u00f3 la iniciativa, expres\u00f3: \u201cMe parece muy bueno que se realicen esta clase de operativos, para ver si en los barrios hay personas infectadas que, por alg\u00fan motivo, no van a hacerse atender, creyendo que no es nada y sin darse cuenta del problema. Adem\u00e1s, aqu\u00ed hemos tenido algunos casos positivos y vimos c\u00f3mo actu\u00f3 r\u00e1pidamente el sistema de salud de Berazategui, as\u00ed que estamos muy conformes\u00bb.<\/p>\n\n\n\n<p>Desde su implementaci\u00f3n en la ciudad, el DETeCTAr tambi\u00e9n se realiz\u00f3 en los barrios Asunci\u00f3n-Mosconi, Aldana, Los Ciruelos, Primero de Mayo, Los Pinos y General Belgrano.<\/p>\n","protected":false},"excerpt":{"rendered":"<p>Junto con el Gobierno de la provincia de Buenos Aires, la Municipalidad de Berazategui sigue&#8230;<\/p>\n","protected":false},"author":1,"featured_media":59656,"comment_status":"open","ping_status":"open","sticky":false,"template":"","format":"standard","meta":{"footnotes":""},"categories":[31],"tags":[],"class_list":["post-6714","post","type-post","status-publish","format-standard","has-post-thumbnail","hentry","category-salud"],"_links":{"self":[{"href":"https:\/\/conurbanodiario.com.ar\/index.php?rest_route=\/wp\/v2\/posts\/6714","targetHints":{"allow":["GET"]}}],"collection":[{"href":"https:\/\/conurbanodiario.com.ar\/index.php?rest_route=\/wp\/v2\/posts"}],"about":[{"href":"https:\/\/conurbanodiario.com.ar\/index.php?rest_route=\/wp\/v2\/types\/post"}],"author":[{"embeddable":true,"href":"https:\/\/conurbanodiario.com.ar\/index.php?rest_route=\/wp\/v2\/users\/1"}],"replies":[{"embeddable":true,"href":"https:\/\/conurbanodiario.com.ar\/index.php?rest_route=%2Fwp%2Fv2%2Fcomments&post=6714"}],"version-history":[{"count":1,"href":"https:\/\/conurbanodiario.com.ar\/index.php?rest_route=\/wp\/v2\/posts\/6714\/revisions"}],"predecessor-version":[{"id":6716,"href":"https:\/\/conurbanodiario.com.ar\/index.php?rest_route=\/wp\/v2\/posts\/6714\/revisions\/6716"}],"wp:featuredmedia":[{"embeddable":true,"href":"https:\/\/conurbanodiario.com.ar\/index.php?rest_route=\/wp\/v2\/media\/59656"}],"wp:attachment":[{"href":"https:\/\/conurbanodiario.com.ar\/index.php?rest_route=%2Fwp%2Fv2%2Fmedia&parent=6714"}],"wp:term":[{"taxonomy":"category","embeddable":true,"href":"https:\/\/conurbanodiario.com.ar\/index.php?rest_route=%2Fwp%2Fv2%2Fcategories&post=6714"},{"taxonomy":"post_tag","embeddable":true,"href":"https:\/\/conurbanodiario.com.ar\/index.php?rest_route=%2Fwp%2Fv2%2Ftags&post=6714"}],"curies":[{"name":"wp","href":"https:\/\/api.w.org\/{rel}","templated":true}]}}