{"id":6704,"date":"2020-07-28T03:05:00","date_gmt":"2020-07-28T06:05:00","guid":{"rendered":"http:\/\/conurbanodiario.com.ar\/?p=6704"},"modified":"2020-07-24T21:36:50","modified_gmt":"2020-07-25T00:36:50","slug":"varela-continua-el-ciclo-de-capacitacion-on-line-del-programa-jovenes-con-mas-y-mejor-trabajo","status":"publish","type":"post","link":"https:\/\/conurbanodiario.com.ar\/?p=6704","title":{"rendered":"VARELA: CONTIN\u00daA EL CICLO DE CAPACITACI\u00d3N ON-LINE DEL PROGRAMA \u00abJ\u00d3VENES CON M\u00c1S Y MEJOR TRABAJO\u00bb"},"content":{"rendered":"\n<p>Debido al aislamiento social, preventivo y obligatorio dispuesto por el gobierno nacional m\u00e1s las recomendaciones sanitarias en vigencia, el programa \u201cJ\u00f3venes con m\u00e1s y mejor trabajo\u201d adapt\u00f3 la metodolog\u00eda de cursada en el distrito e inaugur\u00f3 una serie de talleres virtuales.<\/p>\n\n\n\n<p>Mediante la apertura del nuevo sistema para la cursada a distancia, el mandatario comunal, Andr\u00e9s Watson, ratific\u00f3 su respaldo hacia la juventud tras tomar la determinaci\u00f3n de sostener el mencionado plan concebido con un objetivo: brindar herramientas para facilitar su inserci\u00f3n en el mercado laboral.<\/p>\n\n\n\n<p>De esta manera, m\u00e1s de 240 adolescentes varelenses iniciaron un ciclo de formaci\u00f3n a distancia y lograron una continuidad en su aprendizaje tras culminar sus estudios primarios o secundarios e incluso estaban desempleados.<\/p>\n\n\n\n<p>El titular en la cartera de Industria y Desarrollo Productivo, Ricardo de la Fuente, supervis\u00f3 el funcionamiento de la flamante modalidad para dictar cursos interactivos con m\u00faltiples elementos que posibilitaron definir un perfil laboral, efectuar b\u00fasquedas, utilizar programas inform\u00e1ticos, conocer los derechos en el \u00e1mbito de trabajo o generar un emprendimiento propio.<\/p>\n\n\n\n<p>Adem\u00e1s, el ministerio de Trabajo y Empleo de la Naci\u00f3n determin\u00f3 la entrega de una ayuda econ\u00f3mica de tres mil pesos a percibir durante el tiempo estipulado para la capacitaci\u00f3n. &nbsp;<\/p>\n\n\n\n<p>Pautaron la inscripci\u00f3n para aquellos interesados, entre los 18 y los 24 a\u00f1os, v\u00eda telef\u00f3nica a trav\u00e9s de un llamado al 4275-7016 desde las 9:00 hasta las 13:00 horas o por Whatsapp al 11-2412-3622 de 9:00 a 17:00 para efectuar consultas sobre requisitos e incorporarse a la iniciativa.<\/p>\n","protected":false},"excerpt":{"rendered":"<p>Debido al aislamiento social, preventivo y obligatorio dispuesto por el gobierno nacional m\u00e1s las recomendaciones&#8230;<\/p>\n","protected":false},"author":1,"featured_media":59656,"comment_status":"open","ping_status":"open","sticky":false,"template":"","format":"standard","meta":{"footnotes":""},"categories":[27],"tags":[],"class_list":["post-6704","post","type-post","status-publish","format-standard","has-post-thumbnail","hentry","category-educacion"],"_links":{"self":[{"href":"https:\/\/conurbanodiario.com.ar\/index.php?rest_route=\/wp\/v2\/posts\/6704","targetHints":{"allow":["GET"]}}],"collection":[{"href":"https:\/\/conurbanodiario.com.ar\/index.php?rest_route=\/wp\/v2\/posts"}],"about":[{"href":"https:\/\/conurbanodiario.com.ar\/index.php?rest_route=\/wp\/v2\/types\/post"}],"author":[{"embeddable":true,"href":"https:\/\/conurbanodiario.com.ar\/index.php?rest_route=\/wp\/v2\/users\/1"}],"replies":[{"embeddable":true,"href":"https:\/\/conurbanodiario.com.ar\/index.php?rest_route=%2Fwp%2Fv2%2Fcomments&post=6704"}],"version-history":[{"count":1,"href":"https:\/\/conurbanodiario.com.ar\/index.php?rest_route=\/wp\/v2\/posts\/6704\/revisions"}],"predecessor-version":[{"id":6706,"href":"https:\/\/conurbanodiario.com.ar\/index.php?rest_route=\/wp\/v2\/posts\/6704\/revisions\/6706"}],"wp:featuredmedia":[{"embeddable":true,"href":"https:\/\/conurbanodiario.com.ar\/index.php?rest_route=\/wp\/v2\/media\/59656"}],"wp:attachment":[{"href":"https:\/\/conurbanodiario.com.ar\/index.php?rest_route=%2Fwp%2Fv2%2Fmedia&parent=6704"}],"wp:term":[{"taxonomy":"category","embeddable":true,"href":"https:\/\/conurbanodiario.com.ar\/index.php?rest_route=%2Fwp%2Fv2%2Fcategories&post=6704"},{"taxonomy":"post_tag","embeddable":true,"href":"https:\/\/conurbanodiario.com.ar\/index.php?rest_route=%2Fwp%2Fv2%2Ftags&post=6704"}],"curies":[{"name":"wp","href":"https:\/\/api.w.org\/{rel}","templated":true}]}}