{"id":6701,"date":"2020-07-26T03:00:00","date_gmt":"2020-07-26T06:00:00","guid":{"rendered":"http:\/\/conurbanodiario.com.ar\/?p=6701"},"modified":"2020-08-12T21:54:07","modified_gmt":"2020-08-13T00:54:07","slug":"andres-watson-felicito-por-teleconferencia-a-joven-varelense-egresada-de-un-hogar-de-cuidado","status":"publish","type":"post","link":"https:\/\/conurbanodiario.com.ar\/?p=6701","title":{"rendered":"ANDR\u00c9S WATSON FELICIT\u00d3 POR TELECONFERENCIA A JOVEN VARELENSE EGRESADA DE UN HOGAR DE CUIDADO"},"content":{"rendered":"\n<p>El intendente Andr\u00e9s Watson mantuvo d\u00edas atr\u00e1s una reuni\u00f3n por teleconferencia con la joven varelense Nayla Herrera, egresada de un hogar de cuidado local, y escribi\u00f3 en sus redes sociales: \u201cHoy charl\u00e9 con Nayla, una vecina de Florencio Varela que egres\u00f3 de un hogar de cuidado y decidi\u00f3 compartir su experiencia de vida en un encuentro internacional para ayudar a j\u00f3venes que est\u00e1n en la misma situaci\u00f3n\u201d.<\/p>\n\n\n\n<p>Luego, el Jefe Comunal brind\u00f3 su contenci\u00f3n a la varelense, donde expres\u00f3: \u201cDesde el municipio, le brindamos todo nuestro apoyo y queremos que, como Nayla, todos los chicos y chicas que egresen de hogares luchen por sus derechos y cumplan sus sue\u00f1os\u201d.<\/p>\n\n\n\n<p><strong>Una historia de superaci\u00f3n y reconversi\u00f3n de vida<\/strong><\/p>\n\n\n\n<p>Esta es sin dudas una historia de superaci\u00f3n donde el esfuerzo y la motivaci\u00f3n por lograr un mejor futuro para ella y su hija la llev\u00f3 a tomar la decisi\u00f3n de cambiar el rumbo de su trayecto de vida.<\/p>\n\n\n\n<p>La varelense a su corta edad, con tan s\u00f3lo 13 a\u00f1os, atraves\u00f3 una dif\u00edcil situaci\u00f3n donde no cont\u00f3 con el apoyo suficiente de allegados, entonces decidi\u00f3 ingresar a un hogar de cuidado. \u201cEstuve en el Hogar Nuestra Se\u00f1ora de Guadalupe del Padre Miguel Hrymacz, ubicado en Florencio Varela, y fue as\u00ed que pude reconvertirme y cambiar mi vida\u201d, dijo emocionada Nayla Herrera, en una comunicaci\u00f3n telef\u00f3nica que se pudo escuchar a trav\u00e9s de la radio del Estado Municipal.&nbsp;<\/p>\n\n\n\n<p>En este sentido, sobre su paso durante cinco a\u00f1os en el hogar la joven record\u00f3: \u201cFue un alivio porque fue la primera vez en mi vida que pude tener las cuatro comidas diarias y un cuarto para dormir. Adem\u00e1s, tuve la contenci\u00f3n que necesitaba a trav\u00e9s de un equipo multidisciplinar que me acompa\u00f1\u00f3 d\u00eda y noche en todas las alegr\u00edas, llantos y diversas emociones que atraves\u00e9; y para m\u00ed fue de mucha ayuda\u201d.<\/p>\n\n\n\n<p><strong>Un Estado Municipal presente<\/strong><\/p>\n\n\n\n<p>\u201cEs admirable la contenci\u00f3n del Estado Municipal. El apoyo que recibo del intendente Watson junto a su esposa, quienes me acompa\u00f1aron en todo sentido, y tambi\u00e9n en lo afectivo, siempre lo remarco\u201d, subray\u00f3 Herrera.<\/p>\n\n\n\n<p>Acerca de su vida actual, sus proyectos y sue\u00f1os cont\u00f3 en la audici\u00f3n: \u201cAdem\u00e1s, cuento con el acompa\u00f1amiento de la secretar\u00eda de Educaci\u00f3n local, estoy por ser empleada de dicha dependencia, por ahora colaboro y participo hace m\u00e1s de un a\u00f1o en todas las actividades y en los proyectos, es decir, que estoy encaminada para el empleo formal\u201d.<\/p>\n\n\n\n<p>Tambi\u00e9n, agreg\u00f3: \u201cEspero poder terminar el secundario y empezar una carrera universitaria, todav\u00eda no tengo decidido si Ciencias pol\u00edticas o Derecho. Referido a la crianza de mi hija, considero que voy creciendo y aprendiendo junto a ella, que ya tiene 5 a\u00f1os\u201d. &nbsp;<\/p>\n\n\n\n<p>Para finalizar, Nayla dej\u00f3 un mensaje esperanzador para todos los adolescentes o ni\u00f1os que se encuentran transitando una experiencia similar a la que ella vivi\u00f3: \u201cUna persona puede no tener un padre o una madre, o estar atravesando por una dif\u00edcil situaci\u00f3n, y sin embargo puede proyectarse ya que todo depende de uno mismo. Se puede salir adelante con la planificaci\u00f3n de un proyecto de vida. Todos tenemos la posibilidad de encontrarnos con personas buenas que nos van a formar y eso tambi\u00e9n es parte de nuestro paso por la vida\u201d, reflexion\u00f3.<\/p>\n","protected":false},"excerpt":{"rendered":"<p>El intendente Andr\u00e9s Watson mantuvo d\u00edas atr\u00e1s una reuni\u00f3n por teleconferencia con la joven varelense&#8230;<\/p>\n","protected":false},"author":1,"featured_media":59656,"comment_status":"open","ping_status":"open","sticky":false,"template":"","format":"standard","meta":{"footnotes":""},"categories":[3],"tags":[],"class_list":["post-6701","post","type-post","status-publish","format-standard","has-post-thumbnail","hentry","category-informacion-general"],"_links":{"self":[{"href":"https:\/\/conurbanodiario.com.ar\/index.php?rest_route=\/wp\/v2\/posts\/6701","targetHints":{"allow":["GET"]}}],"collection":[{"href":"https:\/\/conurbanodiario.com.ar\/index.php?rest_route=\/wp\/v2\/posts"}],"about":[{"href":"https:\/\/conurbanodiario.com.ar\/index.php?rest_route=\/wp\/v2\/types\/post"}],"author":[{"embeddable":true,"href":"https:\/\/conurbanodiario.com.ar\/index.php?rest_route=\/wp\/v2\/users\/1"}],"replies":[{"embeddable":true,"href":"https:\/\/conurbanodiario.com.ar\/index.php?rest_route=%2Fwp%2Fv2%2Fcomments&post=6701"}],"version-history":[{"count":1,"href":"https:\/\/conurbanodiario.com.ar\/index.php?rest_route=\/wp\/v2\/posts\/6701\/revisions"}],"predecessor-version":[{"id":6703,"href":"https:\/\/conurbanodiario.com.ar\/index.php?rest_route=\/wp\/v2\/posts\/6701\/revisions\/6703"}],"wp:featuredmedia":[{"embeddable":true,"href":"https:\/\/conurbanodiario.com.ar\/index.php?rest_route=\/wp\/v2\/media\/59656"}],"wp:attachment":[{"href":"https:\/\/conurbanodiario.com.ar\/index.php?rest_route=%2Fwp%2Fv2%2Fmedia&parent=6701"}],"wp:term":[{"taxonomy":"category","embeddable":true,"href":"https:\/\/conurbanodiario.com.ar\/index.php?rest_route=%2Fwp%2Fv2%2Fcategories&post=6701"},{"taxonomy":"post_tag","embeddable":true,"href":"https:\/\/conurbanodiario.com.ar\/index.php?rest_route=%2Fwp%2Fv2%2Ftags&post=6701"}],"curies":[{"name":"wp","href":"https:\/\/api.w.org\/{rel}","templated":true}]}}