{"id":6692,"date":"2020-07-25T08:07:00","date_gmt":"2020-07-25T11:07:00","guid":{"rendered":"http:\/\/conurbanodiario.com.ar\/?p=6692"},"modified":"2020-07-24T20:57:44","modified_gmt":"2020-07-24T23:57:44","slug":"berazategui-empresas-y-vecinos-solidarios-durante-la-emergencia-sanitaria","status":"publish","type":"post","link":"https:\/\/conurbanodiario.com.ar\/?p=6692","title":{"rendered":"BERAZATEGUI: EMPRESAS Y VECINOS SOLIDARIOS DURANTE LA EMERGENCIA SANITARIA"},"content":{"rendered":"\n<p><strong>La Municipalidad de Berazategui y su intendente, Juan Jos\u00e9 Mussi, agradecen las acciones solidarias de empresas, comercios y vecinos que, en el contexto de la pandemia de COVID-19, brindan su colaboraci\u00f3n desinteresadamente con el distrito, a trav\u00e9s de donaciones de muchos recursos de gran utilidad.<\/strong><\/p>\n\n\n\n<p>En el marco del Aislamiento Social, Preventivo y Obligatorio, debido a la propagaci\u00f3n del coronavirus, el Municipio de Berazategui y el jefe comunal, Juan Jos\u00e9 Mussi, agradecen a las siguientes empresas y vecinos:<\/p>\n\n\n\n<p>&#8211; ROBERTO ARTUZA, que don\u00f3 alimentos para el Punto Solidario de El Pato.<br><br>&#8211; SILVIO OSVALDO ACU\u00d1A y CARLOS AICARDI, que donaron 20 bolsas de papas.<br><br>&#8211; AL SR. KIKO, que don\u00f3 4 bolsas de papas.<br><br>&#8211; AL COMPA\u00d1ERO PETIK, que don\u00f3 400 litros de lavandina.<\/p>\n\n\n\n<p>Asimismo, vuelven a agradecer a quienes ya hab\u00edan realizado donaciones anteriormente:&nbsp;<br>QUIMEX &#8211; F\u00c1BRICA DE ART\u00cdCULOS DE LIMPIEZA, de MARCELO ADAM \/ DR. JUAN ENRIQUE ROMERO (director del Programa Nacional de Tenencia Responsable y Sanidad de Perros y Gatos &#8211; ProTenencia) \/ MAT\u00cdAS Y FERNANDO, de la parrilla \u201cUn Tano y dos Gallegos\u00bb \/ SEIN Y C\u00cdA. S.A.I.C. \/ DAR\u00cdO MEMMO \/ GUEDIKIAN IMPRESORES S.A. \/ MAS-TIN S.A. \/ CARNICER\u00cdA MAGAL\u00cd\/ MARIO GIACOBBE \/ AGOMAT \/ COMERCIO \u201cEL VIEJO OCASO\u00bb \/ UNI\u00d3N INDUSTRIAL DE BERAZATEGUI \/ EL MAKZAL S.A\/ GRUPO RIVERO\/ BRAIAN DI CARLO\/ FUNDACI\u00d3N COAS\/ EDUARDO ALBANESE de DOLCE DOLCE\/ PABLO CIABOCCO\/ LEONARDO GUEDES \/ GERARDO BASILIO de S&amp;S ROPA INFANTIL \/ ESTABLECIMIENTOS SOURIGUES\/ CARAVANA MOTORHOMES\/ JAVIER MONTEVERDE\/ DEL CERRO CONSTRUCCIONES\/ ANTONIO SACINO\/ TABACALERA ESPERT S.A.\/ ERICA CABRAL\/ CENTRO DE DISE\u00d1O ITALIANO (CDI)\/ EMPRENDEDORES DEL PROGRAMA EMPRENDER\/ LYH TEXTIL\/ EMPRESARIA SUR S.R.L, de ANDR\u00c9S CHIAPPETTA \/ EZEQUIEL PEDROZO y SUE\u00d1O IMPRESIONES 3D\/ PRODUCTORES DE MERCADO VECINO\/ GRUAPA SRL &#8211; JASO ARGENTINA\/ TOMATES PRETO\/ BANCO DE GALICIA y BUENOS AIRES S.A.U. \/ SOCIEDAD DE FOMENTO \u00abEL OMB\u00da\u00bb \/ LUISA RODR\u00cdGUEZ CABRERA \/ MOSTAZA INDUMENTARIA\/ FUNDACI\u00d3N JUANJO\/ VOLUNTARIADO VOLBER (VOLUNTARIADO BERAZATEGUI) \/ PAMPA TRADE\/ REGINALD LEE S.A.\/ CENTRO DE MARTILLEROS Y CORREDORES P\u00daBLICOS DE BERAZATEGUI\/ RITA RODRIGO\/ F\u00c1BRICA TEXTIL LA SELENA S.A. \/ RODOLFO FERN\u00c1NDEZ FLORIANI\/ CENTRO COMERCIAL, INDUSTRIAL Y PROFESIONAL \u201cJUAN MAR\u00cdA GUTI\u00c9RREZ\u201d\/ COMERCIO \u201cEL MAGO\u201d\/ MADERVENT\/ PRODALSA\/ MAT\u00cdAS PAREDES\/ COMERCIANTES AUTOCONVOCADOS DE BARRIO MAR\u00cdTIMO\/ DR. MARCELO MALARA\/ AUTOCLUB BERAZATEGUI\/ GRACIELA DE LOS SANTOS\/ LOCAL DE ROPA INFANTIL EL N\u00daMERO UNO, del SR. FREDY RISCOSSA \/ INMOBILIARIA GRUPO PAMPA \/ SALVADOR ARAUJO \/ JOS\u00c9 VACCARO NOTTE \/ JOS\u00c9 LUIS TRIVI\u00d1O \/ MOLINARI Y MOLTECH \/ ENVASES DEL PARQUE S.A.\/ DISTRIBUIDORA FERNI \/ CARLOS BENZAQUEN \/ JOS\u00c9 LUIS M\u00c1RMOL \/ V\u00cdCTOR VARONE \/ GABRIEL IEZZI \/ GUSTAVO MANCUSO \/ JAVIER ROSALES \/ RICARDO L\u00d3PEZ \/ CRISTIAN TOLEDO \/ FILIAL BERAZATEGUI DEL CLUB BOCA JUNIORS \/ FILIAL BERAZATEGUI DEL CLUB RIVER PLATE \/ OSCAR GATTI \/ JUSTO LAMAS \/ JULIO SALIN \/ ROTARY CLUB EZPELETA \/ C\u00c1MARA DE COMERCIO BERAZATEGUI OESTE \/ CLAUDIO MARIUTTI \/ ESCUELA T\u00c9CNICA 4 \/ LUCAS MEMMO \/ ASOCIACI\u00d3N \u00abARGENTINA USA BARBIJOS\u00bb \/ ROTARY CLUB \/ MARIANA FERRAZ \/ SOCIEDAD DE FOMENTO PL\u00c1TANOS \/ SINDICATO DE TRABAJADORES MUNICIPALES DE BERAZATEGUI (de GABRIEL CAMPUSSANO) \/ ESCOMESSINA S.A. \/ MANDALA EVENTOS \/ CRISTALER\u00cdAS RIGOLLEAU \/ LA COMARCA EXTERIOR \/ CARDELLINO EVENTOS, de JUAN OROPEZA \/ LE PARK ENTRETENIMIENTOS \/ LA ADB \/ AZ\u00daCAR FUGAZ \/ PRODUCTORES DE LA COOPERATIVA 12 DE AGOSTO \/ DAR\u00cdO \u201cPIPA\u201d BENEDETTO \/ METALCROM \/ COARDEL \/ DECOR CLEAN \/ RGG MANTENIMIENTO \/ CLUB DE LEONES DE BERAZATEGUI \/ OSCAR ALMIR\u00d3N \/ NORMA DE LOS SANTOS Y MAT\u00cdAS AGUIRRE \/ CLUB LOS LE\u00d1EROS \/ MIGUEL SEGURA (Gerente de DUPONT) \/ LEANDRO DAGAND \/ CARLOS CACACE, de ARGENPACK CORRUGADOS S.A. \/ ROTARY CLUB DE RANELAGH \/ HUEVOS FABIOLA \/ FIDEOS QU\u00c9 RICO \/ SUPERMERCADO \u201cEL C\u00c9SAR\u201d \/ COLEGIO DE MAGISTRADOS Y FUNCIONARIOS DE QUILMES \/ VER\u00d3NICA D\u00cdAZ \/ SUPERMERCADOS DIA \/ JUEZ ALEJANDRO MORA \/ SUPERMERCADO STANISCIA \/ FAMILIA FERN\u00c1NDEZ ARAG\u00d3N \u2013de Berazategui- \/ HUGO BERRETA \/ ARIEL NARV\u00c1EZ (CARNICER\u00cdA EL BUEN GUSTO) \/ CL\u00cdNICA PRIVADA RANELAGH \/ CARNICER\u00cdA LA MERCED \/ EMPRENDIMIENTO DULCE ISABELLA \/ AEROCLUB R\u00cdO DE LA PLATA DE BERAZATEGUI \/ MAXI DESCUENTO Y DISTRIBUIDORA SOURIGUES \/ CASA DE RETIRO DEL COLEGIO SAN PABLO AP\u00d3STOL (El Pato) \/ SEDE DANTAS DE LA ESCUELA DE POLIC\u00cdA \u201cJUAN VUCETICH\u201d \/ FUNDACI\u00d3N CREER ES CREAR \/ SE\u00d1ALARTE \/ AGRUPACI\u00d3N H\u00c9ROES DE MALVINAS de Berazategui\/ HLB PHARMA \/ FAMILIA O\u00b4KEEFE \/ BOMBEROS VOLUNTARIOS de Berazategui.<\/p>\n","protected":false},"excerpt":{"rendered":"<p>La Municipalidad de Berazategui y su intendente, Juan Jos\u00e9 Mussi, agradecen las acciones solidarias de&#8230;<\/p>\n","protected":false},"author":1,"featured_media":59656,"comment_status":"open","ping_status":"open","sticky":false,"template":"","format":"standard","meta":{"footnotes":""},"categories":[3],"tags":[],"class_list":["post-6692","post","type-post","status-publish","format-standard","has-post-thumbnail","hentry","category-informacion-general"],"_links":{"self":[{"href":"https:\/\/conurbanodiario.com.ar\/index.php?rest_route=\/wp\/v2\/posts\/6692","targetHints":{"allow":["GET"]}}],"collection":[{"href":"https:\/\/conurbanodiario.com.ar\/index.php?rest_route=\/wp\/v2\/posts"}],"about":[{"href":"https:\/\/conurbanodiario.com.ar\/index.php?rest_route=\/wp\/v2\/types\/post"}],"author":[{"embeddable":true,"href":"https:\/\/conurbanodiario.com.ar\/index.php?rest_route=\/wp\/v2\/users\/1"}],"replies":[{"embeddable":true,"href":"https:\/\/conurbanodiario.com.ar\/index.php?rest_route=%2Fwp%2Fv2%2Fcomments&post=6692"}],"version-history":[{"count":1,"href":"https:\/\/conurbanodiario.com.ar\/index.php?rest_route=\/wp\/v2\/posts\/6692\/revisions"}],"predecessor-version":[{"id":6693,"href":"https:\/\/conurbanodiario.com.ar\/index.php?rest_route=\/wp\/v2\/posts\/6692\/revisions\/6693"}],"wp:featuredmedia":[{"embeddable":true,"href":"https:\/\/conurbanodiario.com.ar\/index.php?rest_route=\/wp\/v2\/media\/59656"}],"wp:attachment":[{"href":"https:\/\/conurbanodiario.com.ar\/index.php?rest_route=%2Fwp%2Fv2%2Fmedia&parent=6692"}],"wp:term":[{"taxonomy":"category","embeddable":true,"href":"https:\/\/conurbanodiario.com.ar\/index.php?rest_route=%2Fwp%2Fv2%2Fcategories&post=6692"},{"taxonomy":"post_tag","embeddable":true,"href":"https:\/\/conurbanodiario.com.ar\/index.php?rest_route=%2Fwp%2Fv2%2Ftags&post=6692"}],"curies":[{"name":"wp","href":"https:\/\/api.w.org\/{rel}","templated":true}]}}