{"id":6689,"date":"2020-07-25T07:06:00","date_gmt":"2020-07-25T10:06:00","guid":{"rendered":"http:\/\/conurbanodiario.com.ar\/?p=6689"},"modified":"2020-07-24T20:57:28","modified_gmt":"2020-07-24T23:57:28","slug":"el-intendente-ferraresi-recibio-a-la-camara-de-comerciantes-de-avellaneda","status":"publish","type":"post","link":"https:\/\/conurbanodiario.com.ar\/?p=6689","title":{"rendered":"EL INTENDENTE FERRARESI RECIBI\u00d3 A LA C\u00c1MARA DE COMERCIANTES DE AVELLANEDA"},"content":{"rendered":"\n<p>El jefe comunal, Jorge Ferraresi, recibi\u00f3&nbsp; a representantes de la C\u00e1mara de Comerciantes, Productores y Afines de Avellaneda, en el Sal\u00f3n de Actos Eva Per\u00f3n del Palacio Municipal.<\/p>\n\n\n\n<p>Durante la reuni\u00f3n, de la que tambi\u00e9n participaron el jefe de Gabinete, Alejo Chornobroff y el secretario de Comercio, Marcos Harguinteguy, intercambiaron ideas acerca de la realidad comercial y las acciones necesarias para reactivar al sector.<\/p>\n\n\n\n<p>Entre otras cuestiones afectadas por la pandemia, el comercio vio sensiblemente da\u00f1ada su actividad, y ambas partes coincidieron en la importancia de articular acciones conjuntas para promover una mejora que no perjudique o vaya a contramano de las medidas de distanciamiento social y aislamiento preventivo.<\/p>\n\n\n\n<p>En ese sentido, la Comuna ha venido trabajando de forma intensa en la creaci\u00f3n de protocolos que permitan ir habilitando diferentes rubros, adem\u00e1s de proporcionar la herramienta de la tarjeta Somos A, la cual fue elogiada por los mismos comerciantes durante la charla.&nbsp;<\/p>\n\n\n\n<p>A eso se sum\u00f3 tambi\u00e9n la posibilidad de usar la plataforma en la web municipal, como medio para promocionar las ventas de los comercios locales.<\/p>\n","protected":false},"excerpt":{"rendered":"<p>El jefe comunal, Jorge Ferraresi, recibi\u00f3&nbsp; a representantes de la C\u00e1mara de Comerciantes, Productores y&#8230;<\/p>\n","protected":false},"author":1,"featured_media":59656,"comment_status":"open","ping_status":"open","sticky":false,"template":"","format":"standard","meta":{"footnotes":""},"categories":[3],"tags":[],"class_list":["post-6689","post","type-post","status-publish","format-standard","has-post-thumbnail","hentry","category-informacion-general"],"_links":{"self":[{"href":"https:\/\/conurbanodiario.com.ar\/index.php?rest_route=\/wp\/v2\/posts\/6689","targetHints":{"allow":["GET"]}}],"collection":[{"href":"https:\/\/conurbanodiario.com.ar\/index.php?rest_route=\/wp\/v2\/posts"}],"about":[{"href":"https:\/\/conurbanodiario.com.ar\/index.php?rest_route=\/wp\/v2\/types\/post"}],"author":[{"embeddable":true,"href":"https:\/\/conurbanodiario.com.ar\/index.php?rest_route=\/wp\/v2\/users\/1"}],"replies":[{"embeddable":true,"href":"https:\/\/conurbanodiario.com.ar\/index.php?rest_route=%2Fwp%2Fv2%2Fcomments&post=6689"}],"version-history":[{"count":1,"href":"https:\/\/conurbanodiario.com.ar\/index.php?rest_route=\/wp\/v2\/posts\/6689\/revisions"}],"predecessor-version":[{"id":6691,"href":"https:\/\/conurbanodiario.com.ar\/index.php?rest_route=\/wp\/v2\/posts\/6689\/revisions\/6691"}],"wp:featuredmedia":[{"embeddable":true,"href":"https:\/\/conurbanodiario.com.ar\/index.php?rest_route=\/wp\/v2\/media\/59656"}],"wp:attachment":[{"href":"https:\/\/conurbanodiario.com.ar\/index.php?rest_route=%2Fwp%2Fv2%2Fmedia&parent=6689"}],"wp:term":[{"taxonomy":"category","embeddable":true,"href":"https:\/\/conurbanodiario.com.ar\/index.php?rest_route=%2Fwp%2Fv2%2Fcategories&post=6689"},{"taxonomy":"post_tag","embeddable":true,"href":"https:\/\/conurbanodiario.com.ar\/index.php?rest_route=%2Fwp%2Fv2%2Ftags&post=6689"}],"curies":[{"name":"wp","href":"https:\/\/api.w.org\/{rel}","templated":true}]}}