{"id":6663,"date":"2020-07-24T19:06:44","date_gmt":"2020-07-24T22:06:44","guid":{"rendered":"http:\/\/conurbanodiario.com.ar\/?p=6663"},"modified":"2020-07-29T12:36:28","modified_gmt":"2020-07-29T15:36:28","slug":"detienen-al-ultimo-profugo-por-el-asalto-al-jubilado-jorge-rios","status":"publish","type":"post","link":"https:\/\/conurbanodiario.com.ar\/?p=6663","title":{"rendered":"DETIENEN AL \u00daLTIMO PR\u00d3FUGO POR EL ASALTO AL JUBILADO JORGE R\u00cdOS"},"content":{"rendered":"\n<p>El \u00faltimo pr\u00f3fugo acusado de participar del asalto al herrero Jorge R\u00edos fue detenido esta tarde en Quilmes, por lo que son cuatro los sospechosos presos por ese intento de robo en el que el jubilado mat\u00f3 de dos balazos a uno de los delincuentes, informaron fuentes policiales.<\/p>\n\n\n\n<p>Se trata de un joven de 27 a\u00f1os identificado por los investigadores como Claudio \u00abEl Enano\u00bb Dahmer, quien fue atrapado por personal de la Direcci\u00f3n Departamental de Investigaciones (DDI) local.<\/p>\n","protected":false},"excerpt":{"rendered":"<p>El \u00faltimo pr\u00f3fugo acusado de participar del asalto al herrero Jorge R\u00edos fue detenido esta&#8230;<\/p>\n","protected":false},"author":1,"featured_media":59656,"comment_status":"open","ping_status":"open","sticky":false,"template":"","format":"standard","meta":{"footnotes":""},"categories":[10],"tags":[],"class_list":["post-6663","post","type-post","status-publish","format-standard","has-post-thumbnail","hentry","category-seguridad"],"_links":{"self":[{"href":"https:\/\/conurbanodiario.com.ar\/index.php?rest_route=\/wp\/v2\/posts\/6663","targetHints":{"allow":["GET"]}}],"collection":[{"href":"https:\/\/conurbanodiario.com.ar\/index.php?rest_route=\/wp\/v2\/posts"}],"about":[{"href":"https:\/\/conurbanodiario.com.ar\/index.php?rest_route=\/wp\/v2\/types\/post"}],"author":[{"embeddable":true,"href":"https:\/\/conurbanodiario.com.ar\/index.php?rest_route=\/wp\/v2\/users\/1"}],"replies":[{"embeddable":true,"href":"https:\/\/conurbanodiario.com.ar\/index.php?rest_route=%2Fwp%2Fv2%2Fcomments&post=6663"}],"version-history":[{"count":1,"href":"https:\/\/conurbanodiario.com.ar\/index.php?rest_route=\/wp\/v2\/posts\/6663\/revisions"}],"predecessor-version":[{"id":6664,"href":"https:\/\/conurbanodiario.com.ar\/index.php?rest_route=\/wp\/v2\/posts\/6663\/revisions\/6664"}],"wp:featuredmedia":[{"embeddable":true,"href":"https:\/\/conurbanodiario.com.ar\/index.php?rest_route=\/wp\/v2\/media\/59656"}],"wp:attachment":[{"href":"https:\/\/conurbanodiario.com.ar\/index.php?rest_route=%2Fwp%2Fv2%2Fmedia&parent=6663"}],"wp:term":[{"taxonomy":"category","embeddable":true,"href":"https:\/\/conurbanodiario.com.ar\/index.php?rest_route=%2Fwp%2Fv2%2Fcategories&post=6663"},{"taxonomy":"post_tag","embeddable":true,"href":"https:\/\/conurbanodiario.com.ar\/index.php?rest_route=%2Fwp%2Fv2%2Ftags&post=6663"}],"curies":[{"name":"wp","href":"https:\/\/api.w.org\/{rel}","templated":true}]}}