{"id":6661,"date":"2020-07-24T18:07:28","date_gmt":"2020-07-24T21:07:28","guid":{"rendered":"http:\/\/conurbanodiario.com.ar\/?p=6661"},"modified":"2020-07-24T18:07:28","modified_gmt":"2020-07-24T21:07:28","slug":"trotta-y-los-cinco-gremios-docentes-acordaron-la-paritaria-federal-nacional","status":"publish","type":"post","link":"https:\/\/conurbanodiario.com.ar\/?p=6661","title":{"rendered":"TROTTA Y LOS CINCO GREMIOS DOCENTES ACORDARON LA PARITARIA FEDERAL NACIONAL"},"content":{"rendered":"\n<p>El Ministerio de Educaci\u00f3n y los cinco gremios docentes con representaci\u00f3n nacional aprobaron hoy de forma un\u00e1nime la Paritaria Federal de la actividad, que incluy\u00f3 \u00abla continuidad del pago de un monto excepcional de 4.840 pesos por cargo, y hasta dos, en cuatro tramos, de 1.210 pesos y durante cuatro meses\u00bb.<\/p>\n\n\n\n<p>El acuerdo contempl\u00f3 ese pago desde agosto pr\u00f3ximo por la pandemia de coronavirus y la adecuaci\u00f3n de las condiciones laborales, informaron las fuentes gremiales luego del consenso logrado hoy con el ministro Nicol\u00e1s Trotta.<\/p>\n\n\n\n<p>El monto excepcional \u00abFondo Nacional de Incentivo (FONID) suma extraordinaria Covid-19\u00bb se abonar\u00e1 desde agosto hasta noviembre inclusive, aseguraron los sindicatos, que tambi\u00e9n convinieron \u00abla adecuaci\u00f3n de las condiciones de trabajo y su organizaci\u00f3n en el contexto escolar para el oportuno regreso a las clases presenciales en el pa\u00eds\u00bb.<\/p>\n\n\n\n<p>El acuerdo paritario nacional, que contempl\u00f3 el consenso de las 24 jurisdicciones del pa\u00eds, fue firmado por Trotta; el secretario de Trabajo, Marcelo Bellotti; la secretaria general del Consejo Federal de Educaci\u00f3n (CFE), Marisa D\u00edaz, y los dirigentes sindicales de los gremios Ctera, UDA, CEA, Sadop y Amet.<\/p>\n\n\n\n<p>Los gremios presentaron un relevamiento, seg\u00fan el cual \u00abse garantiz\u00f3 y cumpli\u00f3 el convenio convencional paritario de junio de este a\u00f1o\u00bb, indicaron a T\u00e9lam.<\/p>\n\n\n\n<p>La suma extraordinaria se abonar\u00e1 en cuatro tramos iguales, mensuales y consecutivos de 1.210 pesos cada uno y, el primero, corresponder\u00e1 a julio, y se realizar\u00e1 de forma conjunta con el cobro de 1.210 pesos del FONID y de otros 210 pesos por \u00abmaterial did\u00e1ctico\u00bb.<\/p>\n\n\n\n<p>Adem\u00e1s, se convocar\u00e1 a la Comisi\u00f3n Negociadora del Convenio Marco de la paritaria nacional en noviembre pr\u00f3ximo para analizar las evoluci\u00f3n del acuerdo.<\/p>\n","protected":false},"excerpt":{"rendered":"<p>El Ministerio de Educaci\u00f3n y los cinco gremios docentes con representaci\u00f3n nacional aprobaron hoy de&#8230;<\/p>\n","protected":false},"author":1,"featured_media":59656,"comment_status":"open","ping_status":"open","sticky":false,"template":"","format":"standard","meta":{"footnotes":""},"categories":[5],"tags":[],"class_list":["post-6661","post","type-post","status-publish","format-standard","has-post-thumbnail","hentry","category-el-pais"],"_links":{"self":[{"href":"https:\/\/conurbanodiario.com.ar\/index.php?rest_route=\/wp\/v2\/posts\/6661","targetHints":{"allow":["GET"]}}],"collection":[{"href":"https:\/\/conurbanodiario.com.ar\/index.php?rest_route=\/wp\/v2\/posts"}],"about":[{"href":"https:\/\/conurbanodiario.com.ar\/index.php?rest_route=\/wp\/v2\/types\/post"}],"author":[{"embeddable":true,"href":"https:\/\/conurbanodiario.com.ar\/index.php?rest_route=\/wp\/v2\/users\/1"}],"replies":[{"embeddable":true,"href":"https:\/\/conurbanodiario.com.ar\/index.php?rest_route=%2Fwp%2Fv2%2Fcomments&post=6661"}],"version-history":[{"count":1,"href":"https:\/\/conurbanodiario.com.ar\/index.php?rest_route=\/wp\/v2\/posts\/6661\/revisions"}],"predecessor-version":[{"id":6662,"href":"https:\/\/conurbanodiario.com.ar\/index.php?rest_route=\/wp\/v2\/posts\/6661\/revisions\/6662"}],"wp:featuredmedia":[{"embeddable":true,"href":"https:\/\/conurbanodiario.com.ar\/index.php?rest_route=\/wp\/v2\/media\/59656"}],"wp:attachment":[{"href":"https:\/\/conurbanodiario.com.ar\/index.php?rest_route=%2Fwp%2Fv2%2Fmedia&parent=6661"}],"wp:term":[{"taxonomy":"category","embeddable":true,"href":"https:\/\/conurbanodiario.com.ar\/index.php?rest_route=%2Fwp%2Fv2%2Fcategories&post=6661"},{"taxonomy":"post_tag","embeddable":true,"href":"https:\/\/conurbanodiario.com.ar\/index.php?rest_route=%2Fwp%2Fv2%2Ftags&post=6661"}],"curies":[{"name":"wp","href":"https:\/\/api.w.org\/{rel}","templated":true}]}}