{"id":6658,"date":"2020-07-24T16:38:56","date_gmt":"2020-07-24T19:38:56","guid":{"rendered":"http:\/\/conurbanodiario.com.ar\/?p=6658"},"modified":"2020-07-24T16:38:56","modified_gmt":"2020-07-24T19:38:56","slug":"varela-comienza-la-impresion-de-licencias-de-conducir-en-el-municipio","status":"publish","type":"post","link":"https:\/\/conurbanodiario.com.ar\/?p=6658","title":{"rendered":"VARELA: COMIENZA LA IMPRESI\u00d3N DE LICENCIAS DE CONDUCIR EN EL MUNICIPIO"},"content":{"rendered":"\n<p>El intendente del distrito, Andr\u00e9s Watson, gestion\u00f3 con el subsecretario de Transporte de la provincia de Buenos Aires, Alejo Supply, una impresora de licencias de conducir durante el mes de junio. Fue presentada por las autoridades del \u00e1rea responsable de llevar a cabo la tarea.<\/p>\n\n\n\n<p>Para su puesta en funciones, el subsecretario de Seguridad Vial y Movilidad Urbana, Alejandro Mascioli y el equipo de la direcci\u00f3n General de Gesti\u00f3n de Licencias, trabajaron en la creaci\u00f3n de una nueva oficina, la cual respeta las estrictas medidas de seguridad necesarias, tales como el sistema de acceso con huella digital, aire acondicionado, cajas de seguridad para que puedan preservar los materiales y la capacitaci\u00f3n de tres empleados del municipio para aprender a utilizar la nueva impresora de licencias, y as\u00ed llevar a cabo el protocolo necesario para su utilizaci\u00f3n.<\/p>\n\n\n\n<p>El nuevo centro de impresi\u00f3n de licencias de conducir instalado en Florencio Varela supone una incorporaci\u00f3n hist\u00f3rica para el distrito. Implica un gran beneficio para los vecinos gracias a que recibir\u00e1n en menos tiempo sus carnets, se reducir\u00e1n costos al no tener que enviar un chofer a retirar la documentaci\u00f3n, se evitan interferencias y problemas con el correo, donde se han extraviado carnets.<\/p>\n\n\n\n<p>Las licencias de conducir se imprimen en La Plata y tardan entre cinco y siete d\u00edas h\u00e1biles para poderlas entregar a los conductores. Con la nueva tecnolog\u00eda, se realizan de un d\u00eda para el otro.<\/p>\n\n\n\n<p>La direcci\u00f3n General de Gesti\u00f3n de Licencias, gestionada por Gabriel Hern\u00e1n \u00c1lvarez, comenz\u00f3 a brindar servicios con una capacidad diaria de 40 turnos que deben solicitarse previamente a trav\u00e9s dela l\u00ednea telef\u00f3nica gratuita de atenci\u00f3n al vecino 0800-999-1234 opci\u00f3n 2, \u201cgracias a la disposici\u00f3n de la direcci\u00f3n Provincial de Pol\u00edtica y Seguridad Vial de la Provincia de Buenos Aires\u201d, destacan desde la dependencia.<\/p>\n\n\n\n<p>Se priorizan los tr\u00e1mites duplicados por robos y extrav\u00edos y renovaciones que hayan quedado pendientes para licencias que vencieron con anterioridad a la vigencia de la pr\u00f3rroga. Las licencias con caducidad entre el 15 de febrero y el 31 de agosto tienen una pr\u00f3rroga de 180 d\u00edas de su vencimiento.<\/p>\n\n\n\n<p>Florencio Varela es el primer distrito que implement\u00f3 un mail para recibir consultas m\u00e9dicas referidas a los estudios a realizar para obtener la licencia, llevado a cabo por las doctoras Silvina Prato y Catalina Centuri\u00f3n: <a href=\"mailto:licenciasconsultasmedicasfv@gmail.com\">licenciasconsultasmedicasfv@gmail.com<\/a><em><\/em><\/p>\n\n\n\n<p><strong>Adaptaci\u00f3n de las instalaciones y funcionamiento en pandemia<\/strong><\/p>\n\n\n\n<p>Durante el Aislamiento Social Preventivo y Obligatorio, se pidi\u00f3 autorizaci\u00f3n a la direcci\u00f3n Provincial de Pol\u00edtica y seguridad vial de la Provincia de Buenos Aires, y luego de su aprobaci\u00f3n se coordin\u00f3 la entrega, por abecedario, de 644 licencias ya emitidas, desde el 20 de marzo de las cuales 290 fueron retiradas por los contribuyentes<strong>. <\/strong>Se acondicion\u00f3 el lugar con un sistema de mamparas que a\u00edslan a los contribuyentes del operario en cada uno de los puestos de trabajo y adquisici\u00f3n de todos los elementos de seguridad sanitaria, tales como los guantes, tapabocas y alcohol en gel.<strong><\/strong><\/p>\n","protected":false},"excerpt":{"rendered":"<p>El intendente del distrito, Andr\u00e9s Watson, gestion\u00f3 con el subsecretario de Transporte de la provincia&#8230;<\/p>\n","protected":false},"author":1,"featured_media":59656,"comment_status":"open","ping_status":"open","sticky":false,"template":"","format":"standard","meta":{"footnotes":""},"categories":[3],"tags":[],"class_list":["post-6658","post","type-post","status-publish","format-standard","has-post-thumbnail","hentry","category-informacion-general"],"_links":{"self":[{"href":"https:\/\/conurbanodiario.com.ar\/index.php?rest_route=\/wp\/v2\/posts\/6658","targetHints":{"allow":["GET"]}}],"collection":[{"href":"https:\/\/conurbanodiario.com.ar\/index.php?rest_route=\/wp\/v2\/posts"}],"about":[{"href":"https:\/\/conurbanodiario.com.ar\/index.php?rest_route=\/wp\/v2\/types\/post"}],"author":[{"embeddable":true,"href":"https:\/\/conurbanodiario.com.ar\/index.php?rest_route=\/wp\/v2\/users\/1"}],"replies":[{"embeddable":true,"href":"https:\/\/conurbanodiario.com.ar\/index.php?rest_route=%2Fwp%2Fv2%2Fcomments&post=6658"}],"version-history":[{"count":1,"href":"https:\/\/conurbanodiario.com.ar\/index.php?rest_route=\/wp\/v2\/posts\/6658\/revisions"}],"predecessor-version":[{"id":6660,"href":"https:\/\/conurbanodiario.com.ar\/index.php?rest_route=\/wp\/v2\/posts\/6658\/revisions\/6660"}],"wp:featuredmedia":[{"embeddable":true,"href":"https:\/\/conurbanodiario.com.ar\/index.php?rest_route=\/wp\/v2\/media\/59656"}],"wp:attachment":[{"href":"https:\/\/conurbanodiario.com.ar\/index.php?rest_route=%2Fwp%2Fv2%2Fmedia&parent=6658"}],"wp:term":[{"taxonomy":"category","embeddable":true,"href":"https:\/\/conurbanodiario.com.ar\/index.php?rest_route=%2Fwp%2Fv2%2Fcategories&post=6658"},{"taxonomy":"post_tag","embeddable":true,"href":"https:\/\/conurbanodiario.com.ar\/index.php?rest_route=%2Fwp%2Fv2%2Ftags&post=6658"}],"curies":[{"name":"wp","href":"https:\/\/api.w.org\/{rel}","templated":true}]}}