{"id":6655,"date":"2020-07-24T16:30:41","date_gmt":"2020-07-24T19:30:41","guid":{"rendered":"http:\/\/conurbanodiario.com.ar\/?p=6655"},"modified":"2020-07-29T12:36:13","modified_gmt":"2020-07-29T15:36:13","slug":"ferraresi-firmo-un-convenio-con-pami-para-que-centros-de-jubilados-reciban-el-subsidio-solidario-de-sostenimiento","status":"publish","type":"post","link":"https:\/\/conurbanodiario.com.ar\/?p=6655","title":{"rendered":"FERRARESI FIRM\u00d3 UN CONVENIO CON PAMI PARA QUE CENTROS DE JUBILADOS RECIBAN EL SUBSIDIO SOLIDARIO DE SOSTENIMIENTO"},"content":{"rendered":"\n<p>El intendente de Avellaneda, Jorge Ferraresi junto a autoridades de PAMI firm\u00f3 un convenio destinado a centros de jubilados de la ciudad para que reciban el Subsidio Solidario de Sostenimiento.<\/p>\n\n\n\n<p>El Centro de Jubilados y Pensionados, \u201cVilla Corina\u201d fue la instituci\u00f3n elegida para llevar a cabo la r\u00fabrica que contempla una ayuda econ\u00f3mica de 15 mil pesos para las instituciones barriales donde cientos que albergan a miles jubilados y jubiladas durante todo el a\u00f1o.<\/p>\n\n\n\n<p>Los subsidios solidarios de sostenimiento tienen como objetivo ayudar en este momento complejo a las instituciones para que cuando puedan volver a la actividad habitual, ninguna quede con sus puertas cerradas.<\/p>\n\n\n\n<p>Estuvieron presentes, Fernando Ortega, director ejecutivo UGL X PAMI; el Dr. Oscar Fari\u00f1a, Jefe de Agencia de Avellaneda Centro; Jessica Leyro, coordinadora de prestaciones sociales UGL X PAMI; Sabrina Crisp\u00edn, jefa de agencia Wilde y Nadia Burgos, coordinadora ejecutiva UGL X PAMI.<\/p>\n","protected":false},"excerpt":{"rendered":"<p>El intendente de Avellaneda, Jorge Ferraresi junto a autoridades de PAMI firm\u00f3 un convenio destinado&#8230;<\/p>\n","protected":false},"author":1,"featured_media":59656,"comment_status":"open","ping_status":"open","sticky":false,"template":"","format":"standard","meta":{"footnotes":""},"categories":[35,31],"tags":[],"class_list":["post-6655","post","type-post","status-publish","format-standard","has-post-thumbnail","hentry","category-politica","category-salud"],"_links":{"self":[{"href":"https:\/\/conurbanodiario.com.ar\/index.php?rest_route=\/wp\/v2\/posts\/6655","targetHints":{"allow":["GET"]}}],"collection":[{"href":"https:\/\/conurbanodiario.com.ar\/index.php?rest_route=\/wp\/v2\/posts"}],"about":[{"href":"https:\/\/conurbanodiario.com.ar\/index.php?rest_route=\/wp\/v2\/types\/post"}],"author":[{"embeddable":true,"href":"https:\/\/conurbanodiario.com.ar\/index.php?rest_route=\/wp\/v2\/users\/1"}],"replies":[{"embeddable":true,"href":"https:\/\/conurbanodiario.com.ar\/index.php?rest_route=%2Fwp%2Fv2%2Fcomments&post=6655"}],"version-history":[{"count":1,"href":"https:\/\/conurbanodiario.com.ar\/index.php?rest_route=\/wp\/v2\/posts\/6655\/revisions"}],"predecessor-version":[{"id":6656,"href":"https:\/\/conurbanodiario.com.ar\/index.php?rest_route=\/wp\/v2\/posts\/6655\/revisions\/6656"}],"wp:featuredmedia":[{"embeddable":true,"href":"https:\/\/conurbanodiario.com.ar\/index.php?rest_route=\/wp\/v2\/media\/59656"}],"wp:attachment":[{"href":"https:\/\/conurbanodiario.com.ar\/index.php?rest_route=%2Fwp%2Fv2%2Fmedia&parent=6655"}],"wp:term":[{"taxonomy":"category","embeddable":true,"href":"https:\/\/conurbanodiario.com.ar\/index.php?rest_route=%2Fwp%2Fv2%2Fcategories&post=6655"},{"taxonomy":"post_tag","embeddable":true,"href":"https:\/\/conurbanodiario.com.ar\/index.php?rest_route=%2Fwp%2Fv2%2Ftags&post=6655"}],"curies":[{"name":"wp","href":"https:\/\/api.w.org\/{rel}","templated":true}]}}