{"id":6652,"date":"2020-07-24T16:19:43","date_gmt":"2020-07-24T19:19:43","guid":{"rendered":"http:\/\/conurbanodiario.com.ar\/?p=6652"},"modified":"2020-07-24T16:19:43","modified_gmt":"2020-07-24T19:19:43","slug":"nueva-sesion-del-concejo-deliberante-de-avellaneda-en-el-centro-municipal-de-arte","status":"publish","type":"post","link":"https:\/\/conurbanodiario.com.ar\/?p=6652","title":{"rendered":"NUEVA SESI\u00d3N DEL CONCEJO DELIBERANTE DE AVELLANEDA EN EL CENTRO MUNICIPAL DE ARTE"},"content":{"rendered":"<p style=\"text-align: justify;\">El poder legislativo local llev\u00f3 adelante normalmente su sesi\u00f3n ordinaria, cumpliendo con todos los protocolos preventivos y sanitarios.<\/p>\n<p style=\"text-align: justify;\"><!-- \/wp:post-content --> <!-- wp:paragraph --><\/p>\n<p style=\"text-align: justify;\">El Honorable\u00a0Concejo\u00a0Deliberante\u00a0de Avellaneda, presidido por Hugo Barrueco, llev\u00f3 adelante su sesi\u00f3n ordinaria habitual.<\/p>\n<p style=\"text-align: justify;\"><!-- \/wp:paragraph --> <!-- wp:paragraph --><\/p>\n<p style=\"text-align: justify;\">Una vez m\u00e1s, para poder cumplir con todas las medidas destinadas a mantener las distancias preventivas dispuestas desde el comienzo de la pandemia del COVID-19, se llev\u00f3 a cabo en el sal\u00f3n principal del Centro Municipal de Arte de Avellaneda, ubicado en San Mart\u00edn y Alsina.<\/p>","protected":false},"excerpt":{"rendered":"<p>El poder legislativo local llev\u00f3 adelante normalmente su sesi\u00f3n ordinaria, cumpliendo con todos los protocolos&#8230;<\/p>\n","protected":false},"author":1,"featured_media":59656,"comment_status":"open","ping_status":"open","sticky":false,"template":"","format":"standard","meta":{"footnotes":""},"categories":[35],"tags":[],"class_list":["post-6652","post","type-post","status-publish","format-standard","has-post-thumbnail","hentry","category-politica"],"_links":{"self":[{"href":"https:\/\/conurbanodiario.com.ar\/index.php?rest_route=\/wp\/v2\/posts\/6652","targetHints":{"allow":["GET"]}}],"collection":[{"href":"https:\/\/conurbanodiario.com.ar\/index.php?rest_route=\/wp\/v2\/posts"}],"about":[{"href":"https:\/\/conurbanodiario.com.ar\/index.php?rest_route=\/wp\/v2\/types\/post"}],"author":[{"embeddable":true,"href":"https:\/\/conurbanodiario.com.ar\/index.php?rest_route=\/wp\/v2\/users\/1"}],"replies":[{"embeddable":true,"href":"https:\/\/conurbanodiario.com.ar\/index.php?rest_route=%2Fwp%2Fv2%2Fcomments&post=6652"}],"version-history":[{"count":1,"href":"https:\/\/conurbanodiario.com.ar\/index.php?rest_route=\/wp\/v2\/posts\/6652\/revisions"}],"predecessor-version":[{"id":6654,"href":"https:\/\/conurbanodiario.com.ar\/index.php?rest_route=\/wp\/v2\/posts\/6652\/revisions\/6654"}],"wp:featuredmedia":[{"embeddable":true,"href":"https:\/\/conurbanodiario.com.ar\/index.php?rest_route=\/wp\/v2\/media\/59656"}],"wp:attachment":[{"href":"https:\/\/conurbanodiario.com.ar\/index.php?rest_route=%2Fwp%2Fv2%2Fmedia&parent=6652"}],"wp:term":[{"taxonomy":"category","embeddable":true,"href":"https:\/\/conurbanodiario.com.ar\/index.php?rest_route=%2Fwp%2Fv2%2Fcategories&post=6652"},{"taxonomy":"post_tag","embeddable":true,"href":"https:\/\/conurbanodiario.com.ar\/index.php?rest_route=%2Fwp%2Fv2%2Ftags&post=6652"}],"curies":[{"name":"wp","href":"https:\/\/api.w.org\/{rel}","templated":true}]}}