{"id":6649,"date":"2020-07-24T16:15:15","date_gmt":"2020-07-24T19:15:15","guid":{"rendered":"http:\/\/conurbanodiario.com.ar\/?p=6649"},"modified":"2020-07-24T16:15:16","modified_gmt":"2020-07-24T19:15:16","slug":"quilmes-repudio-del-bloque-gen-progresista","status":"publish","type":"post","link":"https:\/\/conurbanodiario.com.ar\/?p=6649","title":{"rendered":"QUILMES: REPUDIO DEL BLOQUE GEN-PROGRESISTA"},"content":{"rendered":"\n<p>Desde el Bloque GEN-Progresista repudiamos enf\u00e1ticamente el violento desalojo de las familias en el Barrio Los Eucaliptus por parte de las fuerzas policiales acompa\u00f1adas por el Sub Secretario de H\u00e1bitat de la comuna, Sebasti\u00e1n Raspa, dependiente de la Secretar\u00eda de Desarrollo Urbano y Obras P\u00fablicas a cargo de Cecilia Soler.&nbsp;<\/p>\n\n\n\n<p>Nos Llama la atenci\u00f3n que se reiteran las modalidades en el accionar del gobierno de la Intendenta Mayra Mendoza:<\/p>\n\n\n\n<ul class=\"wp-block-list\"><li>Con los trabajadores del Frigor\u00edfico Penta<\/li><li>Con los vendedores ambulantes del centro de Quilmes<\/li><li>Con los senegaleses&nbsp;<\/li><li>Con el desalojo de estas 33 familias, en el momento m\u00e1s cr\u00edtico de la pandemia, el uso de la violencia institucional a trav\u00e9s de la fuerza p\u00fablica excesiva.<\/li><\/ul>\n\n\n\n<p>Y m\u00e1s llamativo a\u00fan es que en todas estas intervenciones fuentes del gobierno local aseguran que la intendenta no dio la orden, ni estaba al tanto de que esto ocurriese. Entonces cabe preguntarnos: \u00bfqui\u00e9n toma las decisiones en \u00e9ste gobierno?.<\/p>\n\n\n\n<p>Consideramos que es de suma necesidad la urbanizaci\u00f3n de los barrios populares, sin embargo, el Estado es responsable de la integridad f\u00edsica de los quilme\u00f1os, y debe responder ante el accionar de sus funcionarios. Los conflictos solo pueden ser resueltos a trav\u00e9s del di\u00e1logo, la violencia no es el camino.&nbsp;&nbsp;<\/p>\n","protected":false},"excerpt":{"rendered":"<p>Desde el Bloque GEN-Progresista repudiamos enf\u00e1ticamente el violento desalojo de las familias en el Barrio&#8230;<\/p>\n","protected":false},"author":1,"featured_media":59656,"comment_status":"open","ping_status":"open","sticky":false,"template":"","format":"standard","meta":{"footnotes":""},"categories":[35],"tags":[],"class_list":["post-6649","post","type-post","status-publish","format-standard","has-post-thumbnail","hentry","category-politica"],"_links":{"self":[{"href":"https:\/\/conurbanodiario.com.ar\/index.php?rest_route=\/wp\/v2\/posts\/6649","targetHints":{"allow":["GET"]}}],"collection":[{"href":"https:\/\/conurbanodiario.com.ar\/index.php?rest_route=\/wp\/v2\/posts"}],"about":[{"href":"https:\/\/conurbanodiario.com.ar\/index.php?rest_route=\/wp\/v2\/types\/post"}],"author":[{"embeddable":true,"href":"https:\/\/conurbanodiario.com.ar\/index.php?rest_route=\/wp\/v2\/users\/1"}],"replies":[{"embeddable":true,"href":"https:\/\/conurbanodiario.com.ar\/index.php?rest_route=%2Fwp%2Fv2%2Fcomments&post=6649"}],"version-history":[{"count":1,"href":"https:\/\/conurbanodiario.com.ar\/index.php?rest_route=\/wp\/v2\/posts\/6649\/revisions"}],"predecessor-version":[{"id":6651,"href":"https:\/\/conurbanodiario.com.ar\/index.php?rest_route=\/wp\/v2\/posts\/6649\/revisions\/6651"}],"wp:featuredmedia":[{"embeddable":true,"href":"https:\/\/conurbanodiario.com.ar\/index.php?rest_route=\/wp\/v2\/media\/59656"}],"wp:attachment":[{"href":"https:\/\/conurbanodiario.com.ar\/index.php?rest_route=%2Fwp%2Fv2%2Fmedia&parent=6649"}],"wp:term":[{"taxonomy":"category","embeddable":true,"href":"https:\/\/conurbanodiario.com.ar\/index.php?rest_route=%2Fwp%2Fv2%2Fcategories&post=6649"},{"taxonomy":"post_tag","embeddable":true,"href":"https:\/\/conurbanodiario.com.ar\/index.php?rest_route=%2Fwp%2Fv2%2Ftags&post=6649"}],"curies":[{"name":"wp","href":"https:\/\/api.w.org\/{rel}","templated":true}]}}