{"id":6646,"date":"2020-07-24T16:11:46","date_gmt":"2020-07-24T19:11:46","guid":{"rendered":"http:\/\/conurbanodiario.com.ar\/?p=6646"},"modified":"2020-07-24T16:11:47","modified_gmt":"2020-07-24T19:11:47","slug":"berazategui-findes-en-familia-durante-las-vacaciones","status":"publish","type":"post","link":"https:\/\/conurbanodiario.com.ar\/?p=6646","title":{"rendered":"BERAZATEGUI: \u00abFINDES EN FAMILIA\u00bb DURANTE LAS VACACIONES"},"content":{"rendered":"\n<p><strong>Mediante la Secretar\u00eda de Cultura y Educaci\u00f3n, el Municipio de Berazategui da a conocer \u00abFindes en Familia\u00bb, la propuesta con un mont\u00f3n de actividades que los chicos y sus familiares podr\u00e1n disfrutar desde las redes sociales. Los viernes, s\u00e1bados y domingos de este receso invernal, podr\u00e1n entretenerse en casa con talleres de arte, espect\u00e1culos musicales, narraciones de cuentos, entre otras.<br><\/strong><br>\u00abFindes en familia\u00bb es una propuesta de la Municipalidad para el grupo familiar durante las vacaciones de invierno. Cada fin de semana, mediante el Centro Cultural M\u00f3vil y Virtual, los m\u00e1s peque\u00f1os podr\u00e1n disfrutar de una gran variedad de talleres, narraci\u00f3n de cuentos y espect\u00e1culos, que podr\u00e1n ver desde Facebook.<\/p>\n\n\n\n<p>El cronograma de actividades ser\u00e1 el siguiente:<br><br>PRIMER FINDE<br>-Viernes 24\/7, a las 16.00: Narraci\u00f3n de cuentos, a cargo de Andrea Martinolli.<br>-S\u00e1bado 25\/7, a las 14.00: Espect\u00e1culo del Coro de Ni\u00f1os de la Municipalidad de Berazategui.<br>-S\u00e1bado 25\/7, a las 16.00: Taller de t\u00edteres, a cargo de Claudia Calvi.<br>-Domingo 26\/7, a las 14.00: Taller de pl\u00e1stica, a cargo de un profesor de la Secretar\u00eda de Cultura y Educaci\u00f3n.<br>-Domingo 26\/7, a las 16.00: Actividades y talleres, a cargo de Cultura Colectiva.<br><br>SEGUNDO FINDE<br>-Viernes 31\/7, a las 16.00: Narraci\u00f3n de cuentos, a cargo de Andrea Martinolli.<br>-S\u00e1bado 1\/8, a las 14.00: Presentaci\u00f3n del Coro de Ni\u00f1os de la Municipalidad de Berazategui.<br>-S\u00e1bado 1\/8, a las 16.00: Taller de t\u00edteres, a cargo de Claudia Calvi.<br>-Domingo 2\/8, a las 14.00: Taller de pl\u00e1stica, a cargo de un profesor de la Secretar\u00eda de Cultura y Educaci\u00f3n.<br>-Domingo 2\/8, a las 16.00: Show Infantil.<\/p>\n","protected":false},"excerpt":{"rendered":"<p>Mediante la Secretar\u00eda de Cultura y Educaci\u00f3n, el Municipio de Berazategui da a conocer \u00abFindes&#8230;<\/p>\n","protected":false},"author":1,"featured_media":59656,"comment_status":"open","ping_status":"open","sticky":false,"template":"","format":"standard","meta":{"footnotes":""},"categories":[8],"tags":[],"class_list":["post-6646","post","type-post","status-publish","format-standard","has-post-thumbnail","hentry","category-cultura"],"_links":{"self":[{"href":"https:\/\/conurbanodiario.com.ar\/index.php?rest_route=\/wp\/v2\/posts\/6646","targetHints":{"allow":["GET"]}}],"collection":[{"href":"https:\/\/conurbanodiario.com.ar\/index.php?rest_route=\/wp\/v2\/posts"}],"about":[{"href":"https:\/\/conurbanodiario.com.ar\/index.php?rest_route=\/wp\/v2\/types\/post"}],"author":[{"embeddable":true,"href":"https:\/\/conurbanodiario.com.ar\/index.php?rest_route=\/wp\/v2\/users\/1"}],"replies":[{"embeddable":true,"href":"https:\/\/conurbanodiario.com.ar\/index.php?rest_route=%2Fwp%2Fv2%2Fcomments&post=6646"}],"version-history":[{"count":1,"href":"https:\/\/conurbanodiario.com.ar\/index.php?rest_route=\/wp\/v2\/posts\/6646\/revisions"}],"predecessor-version":[{"id":6648,"href":"https:\/\/conurbanodiario.com.ar\/index.php?rest_route=\/wp\/v2\/posts\/6646\/revisions\/6648"}],"wp:featuredmedia":[{"embeddable":true,"href":"https:\/\/conurbanodiario.com.ar\/index.php?rest_route=\/wp\/v2\/media\/59656"}],"wp:attachment":[{"href":"https:\/\/conurbanodiario.com.ar\/index.php?rest_route=%2Fwp%2Fv2%2Fmedia&parent=6646"}],"wp:term":[{"taxonomy":"category","embeddable":true,"href":"https:\/\/conurbanodiario.com.ar\/index.php?rest_route=%2Fwp%2Fv2%2Fcategories&post=6646"},{"taxonomy":"post_tag","embeddable":true,"href":"https:\/\/conurbanodiario.com.ar\/index.php?rest_route=%2Fwp%2Fv2%2Ftags&post=6646"}],"curies":[{"name":"wp","href":"https:\/\/api.w.org\/{rel}","templated":true}]}}