{"id":6642,"date":"2020-07-24T16:09:06","date_gmt":"2020-07-24T19:09:06","guid":{"rendered":"http:\/\/conurbanodiario.com.ar\/?p=6642"},"modified":"2020-07-24T16:09:07","modified_gmt":"2020-07-24T19:09:07","slug":"el-nuevo-mundo-del-trabajo-eje-del-tercer-seminario-de-findel-florencio-varela","status":"publish","type":"post","link":"https:\/\/conurbanodiario.com.ar\/?p=6642","title":{"rendered":"EL NUEVO MUNDO DEL TRABAJO, EJE DEL TERCER SEMINARIO DE FINDEL FLORENCIO VARELA"},"content":{"rendered":"\n<p>La Fundaci\u00f3n Internacional para el Desarrollo Local (FINDEL) realiz\u00f3 el mi\u00e9rcoles \u00faltimo su tercer seminario gratuito y virtual. Abord\u00f3 los retos vigentes del mundo del trabajo en el contexto de la actual pandemia.<\/p>\n\n\n\n<p>Fueron exponentes el doctor Bienvenido Rodriguez Basalo y el licenciado Mauricio Carre\u00f1o, ambos presentados por la secretaria de Cultura, Deportes y Recreaci\u00f3n municipal, Julieta Pereyra, y bajo la moderaci\u00f3n de la docente e investigadora de la Universidad Nacional Arturo Jauretche, la licenciada Macarena Kunkel.<\/p>\n\n\n\n<p>En primer t\u00e9rmino, el presidente de la Asociaci\u00f3n de Licenciados en Relaciones Laborales, Relaciones del Trabajo, Relaciones Industriales y Licenciados en Recursos Humanos Argentina (ACILTRHA), Mauricio Carre\u00f1o disert\u00f3 acerca de los desaf\u00edos actuales, profundizados por la crisis sanitaria vigente en el mundo, en materia de trabajo teniendo en cuenta la producci\u00f3n con el respeto de la naturaleza.<\/p>\n\n\n\n<p>\u201cTenemos que abordar esta crisis con otra fuerza, con otra decisi\u00f3n. Tenemos que ser art\u00edfices de nuestro destino, proponiendo emprendimientos que nos permitan salir adelante, tales como cooperativas de trabajo, trabajos asociativos; y que podamos, en el marco de las relaciones laborales, tener nuestro propio sustento por nuestra propia cuenta\u201d, propuso Carre\u00f1o en un tramo de su exposici\u00f3n, en la cual tambi\u00e9n alent\u00f3 a que, en el actual contexto, los proyectos de emprendedores deben ser \u201cdadores de empleos\u201d.<\/p>\n\n\n\n<p>Luego, el presidente del colegio de abogados de Quilmes, vicepresidente de la entidad, a nivel provincial, el doctor Rodr\u00edguez Basalo hizo un desarrollo de temas en agenda en materia laboral. \u201cLas estructuras laborales, productivas y sociales van a ser distintas luego del Covid-19\u201d, advirti\u00f3 el experimentado letrado.<\/p>\n\n\n\n<p>Precis\u00f3 que \u201cen el mundo del trabajo habr\u00e1 tres elementos esenciales que van a marcar la agenda p\u00fablica: el teletrabajo, la inteligencia artificial y la firma digital\u201d.<\/p>\n\n\n\n<p>Explic\u00f3 los aspectos centrales de cada eje, pero aclar\u00f3 que los cambios que se propician no deben hacerse con la p\u00e9rdida de derechos laborales adquiridos por los trabajadores a lo largo de la historia. Ejemplific\u00f3 sus dichos con el debate en el derecho a la desconexi\u00f3n de quienes se desempe\u00f1an mediados con plataformas de tecnolog\u00edas de comunicaci\u00f3n.<\/p>\n\n\n\n<p>Tras las exposiciones, Kunkel canaliz\u00f3 las inquietudes planteadas por el auditorio, y Pereyra realiz\u00f3 el resumen y cierre del evento.<\/p>\n\n\n\n<p>Quienes quieran ver y escuchar el seminario, pueden hacerlo a trav\u00e9s del siguiente enlace:\u00a0<a rel=\"noreferrer noopener\" href=\"https:\/\/www.youtube.com\/watch?v=v4sDELFp26Y\" target=\"_blank\">https:\/\/www.youtube.com\/watch?v=v4sDELFp26Y<\/a><\/p>\n","protected":false},"excerpt":{"rendered":"<p>La Fundaci\u00f3n Internacional para el Desarrollo Local (FINDEL) realiz\u00f3 el mi\u00e9rcoles \u00faltimo su tercer seminario&#8230;<\/p>\n","protected":false},"author":1,"featured_media":59656,"comment_status":"open","ping_status":"open","sticky":false,"template":"","format":"standard","meta":{"footnotes":""},"categories":[3],"tags":[],"class_list":["post-6642","post","type-post","status-publish","format-standard","has-post-thumbnail","hentry","category-informacion-general"],"_links":{"self":[{"href":"https:\/\/conurbanodiario.com.ar\/index.php?rest_route=\/wp\/v2\/posts\/6642","targetHints":{"allow":["GET"]}}],"collection":[{"href":"https:\/\/conurbanodiario.com.ar\/index.php?rest_route=\/wp\/v2\/posts"}],"about":[{"href":"https:\/\/conurbanodiario.com.ar\/index.php?rest_route=\/wp\/v2\/types\/post"}],"author":[{"embeddable":true,"href":"https:\/\/conurbanodiario.com.ar\/index.php?rest_route=\/wp\/v2\/users\/1"}],"replies":[{"embeddable":true,"href":"https:\/\/conurbanodiario.com.ar\/index.php?rest_route=%2Fwp%2Fv2%2Fcomments&post=6642"}],"version-history":[{"count":1,"href":"https:\/\/conurbanodiario.com.ar\/index.php?rest_route=\/wp\/v2\/posts\/6642\/revisions"}],"predecessor-version":[{"id":6645,"href":"https:\/\/conurbanodiario.com.ar\/index.php?rest_route=\/wp\/v2\/posts\/6642\/revisions\/6645"}],"wp:featuredmedia":[{"embeddable":true,"href":"https:\/\/conurbanodiario.com.ar\/index.php?rest_route=\/wp\/v2\/media\/59656"}],"wp:attachment":[{"href":"https:\/\/conurbanodiario.com.ar\/index.php?rest_route=%2Fwp%2Fv2%2Fmedia&parent=6642"}],"wp:term":[{"taxonomy":"category","embeddable":true,"href":"https:\/\/conurbanodiario.com.ar\/index.php?rest_route=%2Fwp%2Fv2%2Fcategories&post=6642"},{"taxonomy":"post_tag","embeddable":true,"href":"https:\/\/conurbanodiario.com.ar\/index.php?rest_route=%2Fwp%2Fv2%2Ftags&post=6642"}],"curies":[{"name":"wp","href":"https:\/\/api.w.org\/{rel}","templated":true}]}}