{"id":6639,"date":"2020-07-24T15:59:55","date_gmt":"2020-07-24T18:59:55","guid":{"rendered":"http:\/\/conurbanodiario.com.ar\/?p=6639"},"modified":"2020-08-12T21:57:07","modified_gmt":"2020-08-13T00:57:07","slug":"comenzo-a-funcionar-el-centro-de-telemedicina-covid-19-unaj-en-el-hospital-el-cruce","status":"publish","type":"post","link":"https:\/\/conurbanodiario.com.ar\/?p=6639","title":{"rendered":"COMENZ\u00d3 A FUNCIONAR EL CENTRO DE TELEMEDICINA COVID-19 UNAJ EN EL HOSPITAL EL CRUCE"},"content":{"rendered":"\n<p>El intendente Andr\u00e9s Watson form\u00f3 parte del lanzamiento del CeTec UNAJ, una unidad operativa de trabajo para monitorear telef\u00f3nicamente a personas con coronavirus y dar seguimiento diario a contactos estrechos de casos positivos. Voluntarios de la Universidad Nacional Arturo Jauretche motorizar\u00e1n este dispositivo que amplifica la capacidad de contenci\u00f3n y atenci\u00f3n del sistema sanitario regional.&nbsp;<\/p>\n\n\n\n<p>La UNAJ y el Hospital Dr. N\u00e9stor Carlos Kirchner construyeron un terreno f\u00e9rtil para proyectos de formaci\u00f3n profesional con acciones concretas para el distrito y distrito aleda\u00f1os. En este contexto, la decisi\u00f3n pol\u00edtica de los tres estamentos de gobiernos los revincula con un objetivo para la salud y la solidaridad.<\/p>\n\n\n\n<p>En este sentido, el mandatario comunal manifest\u00f3 que es \u201cun orgullo contar con ambas instituciones, con el apoyo y presencia permanente y constante del gobierno provincial, del gobierno nacional. Realmente hay un equipo, aunado y criterioso, que trae estos resultados\u201d.<\/p>\n\n\n\n<p>Asimismo, el intendente celebr\u00f3 \u201cel valor agregado de aquellos futuros profesionales que podr\u00e1n lograr su t\u00edtulo y que llevar\u00e1 impl\u00edcito el compromiso con la sociedad, un compromiso que muestran desde sus primeros d\u00edas de estudiantes\u201d.<\/p>\n\n\n\n<p>El Viceministro de Salud bonaerense, Nicol\u00e1s Kreplak, habl\u00f3 de una Casa de Altos Estudios y un establecimiento sanitario que act\u00faan \u201ctan articulados como un gran movimiento\u201d, destacando el rol de las universidades que \u201cse comprometen muy r\u00e1pidamente y con mucha calidad, no s\u00f3lo por sus habilidades, sino tambi\u00e9n por sus estudiantes que atraviesan por la idea constitutiva de la solidaridad\u201d.<\/p>\n\n\n\n<p>\u201cNosotros vamos hacer todo lo que sea necesario para garantizar las mejores condiciones de trabajo, necesitamos que est\u00e9n bien, al igual que el pueblo, porque todav\u00eda nos queda mucho tiempo para poder remediar esta pandemia\u201d, agreg\u00f3 el funcionario provincial para \u201cconstruir un mejor pa\u00eds desde esta situaci\u00f3n terrible, que va a ser m\u00e1s solidario, con un mejor y m\u00e1s fuerte sistema de salud\u201d. &nbsp;<\/p>\n\n\n\n<p>Por su parte, y mediante videollamada, el rector de la UNAJ, Ernesto Villanueva, cont\u00f3 una an\u00e9cdota impulsada entre el intendente Watson y Mart\u00edn Silberman -responsable del Voluntariado Universitario- pocos d\u00edas antes de la cuarentena, \u201cuna iniciativa para armar un equipo de voluntarios que tuvo unos 3 mil inscriptos de estudiantes; Nosotros somos casi 30 mil, casi el 10% se inscribi\u00f3, lo que habla de un esquema de trabajo de la universidad: la solidaridad y el compromiso con nuestro territorio\u201d.&nbsp;<\/p>\n\n\n\n<p>Para concluir, expres\u00f3: \u201cTodo lo que signifique la posibilidad de que nuestros conocimientos se pongan al servicio de nuestro pueblo, estamos abiertos\u201d.<\/p>\n\n\n\n<p>Como representantes del Hospital, tanto Mariel Mussi -Presidenta del Consejo de Administraci\u00f3n HEC- como Ariel S\u00e1ez de Guinoa \u2013Director Ejecutivo HEC- coincidieron en fortalecer la alianza cient\u00edfico-acad\u00e9mica de la instituci\u00f3n con la Universidad Nacional Arturo Jauretche para ampliar las intervenciones territoriales en la regi\u00f3n conformada por Florencio Varela, Quilmes,&nbsp; Berazategui m\u00e1s Almirante Brown durante una primera etapa.<\/p>\n\n\n\n<p>Finalmente, y a trav\u00e9s de teleconferencia, el secretario de Calidad en Salud de la cartera sanitaria nacional, Arnaldo Medina, indic\u00f3 que el Centro de Telemedicina \u201carriba en el momento que se necesita, que tuvo un trabajo previo, ha requerido un software, equipamiento, preparaci\u00f3n\u201d.<\/p>\n\n\n\n<p>Adem\u00e1s de constituirse en una pieza fundamental para la colaboraci\u00f3n con la detecci\u00f3n en domicilios, se transforma en una \u201cmagn\u00edfica oportunidad en su formaci\u00f3n, una manera de resaltar los valores que tienen que ver con la solidaridad\u201d, cerr\u00f3 Medina.<\/p>\n\n\n\n<p><em><u>Recorrida por el CeTec<\/u><\/em><\/p>\n\n\n\n<p>Watson y Kreplak recorrieron la sala equipada para el seguimiento de casos sospechosos y detecci\u00f3n temprana instrumentado por el Centro de Telemedicina de la provincia de Buenos Aires. Un proyecto impulsado por el programa \u201cUniversidades por la Emergencia del COVID-19 (PUPLEC 19)\u201d creado por las carteras de Salud y de Educaci\u00f3n\u201d.<\/p>\n\n\n\n<p>All\u00ed fueron recibidos por Natalia de Luca \u2013coordinadora- y Mart\u00edn Silberman -responsable del Voluntariado Universitario- quienes informaron a ambas autoridades el funcionamiento de las jornadas laborales proyectadas de lunes a s\u00e1bado de 8:00 a 18:00 horas haciendo llamados.<\/p>\n\n\n\n<p>Los voluntarios y voluntarias atravesaron diferentes procesos de capacitaci\u00f3n que permitir\u00e1n hacer la detecci\u00f3n oportuna y temprana en los contactos estrechos.<\/p>\n","protected":false},"excerpt":{"rendered":"<p>El intendente Andr\u00e9s Watson form\u00f3 parte del lanzamiento del CeTec UNAJ, una unidad operativa de&#8230;<\/p>\n","protected":false},"author":1,"featured_media":59656,"comment_status":"open","ping_status":"open","sticky":false,"template":"","format":"standard","meta":{"footnotes":""},"categories":[31],"tags":[],"class_list":["post-6639","post","type-post","status-publish","format-standard","has-post-thumbnail","hentry","category-salud"],"_links":{"self":[{"href":"https:\/\/conurbanodiario.com.ar\/index.php?rest_route=\/wp\/v2\/posts\/6639","targetHints":{"allow":["GET"]}}],"collection":[{"href":"https:\/\/conurbanodiario.com.ar\/index.php?rest_route=\/wp\/v2\/posts"}],"about":[{"href":"https:\/\/conurbanodiario.com.ar\/index.php?rest_route=\/wp\/v2\/types\/post"}],"author":[{"embeddable":true,"href":"https:\/\/conurbanodiario.com.ar\/index.php?rest_route=\/wp\/v2\/users\/1"}],"replies":[{"embeddable":true,"href":"https:\/\/conurbanodiario.com.ar\/index.php?rest_route=%2Fwp%2Fv2%2Fcomments&post=6639"}],"version-history":[{"count":1,"href":"https:\/\/conurbanodiario.com.ar\/index.php?rest_route=\/wp\/v2\/posts\/6639\/revisions"}],"predecessor-version":[{"id":6641,"href":"https:\/\/conurbanodiario.com.ar\/index.php?rest_route=\/wp\/v2\/posts\/6639\/revisions\/6641"}],"wp:featuredmedia":[{"embeddable":true,"href":"https:\/\/conurbanodiario.com.ar\/index.php?rest_route=\/wp\/v2\/media\/59656"}],"wp:attachment":[{"href":"https:\/\/conurbanodiario.com.ar\/index.php?rest_route=%2Fwp%2Fv2%2Fmedia&parent=6639"}],"wp:term":[{"taxonomy":"category","embeddable":true,"href":"https:\/\/conurbanodiario.com.ar\/index.php?rest_route=%2Fwp%2Fv2%2Fcategories&post=6639"},{"taxonomy":"post_tag","embeddable":true,"href":"https:\/\/conurbanodiario.com.ar\/index.php?rest_route=%2Fwp%2Fv2%2Ftags&post=6639"}],"curies":[{"name":"wp","href":"https:\/\/api.w.org\/{rel}","templated":true}]}}