{"id":6636,"date":"2020-07-24T15:43:01","date_gmt":"2020-07-24T18:43:01","guid":{"rendered":"http:\/\/conurbanodiario.com.ar\/?p=6636"},"modified":"2020-07-24T15:43:02","modified_gmt":"2020-07-24T18:43:02","slug":"relevamiento-casa-por-casa-para-identificar-casos-de-covid-19-en-quilmes-oeste","status":"publish","type":"post","link":"https:\/\/conurbanodiario.com.ar\/?p=6636","title":{"rendered":"RELEVAMIENTO CASA POR CASA PARA IDENTIFICAR CASOS DE COVID-19 EN QUILMES OESTE"},"content":{"rendered":"\n<p>El Municipio de Quilmes informa que se desarroll\u00f3 un nuevo&nbsp; operativo de b\u00fasqueda activa de casos sospechosos de coronavirus en Quilmes Oeste, en el marco del Dispositivo Estrat\u00e9gico de Testeo para Coronavirus en Terreno de Argentina (DETeCTAr) + Cuidarnos (iniciativa municipal) y el programa de Desarrollo Social \u00abEl Barrio Cuida al Barrio\u00bb.<\/p>\n\n\n\n<p>Desde las primeras horas de la ma\u00f1ana, promotores comunitarios, profesionales de la salud y asistentes sociales se organizaron en la Sociedad de Fomento 14 de Agosto, en San Mauro de Castelverde al 1700, y recorrieron domicilio por domicilio para identificar s\u00edntomas compatibles de coronavirus. En un esquema de trabajo articulado entre el Municipio, Provincia y Naci\u00f3n, evaluaron los v\u00ednculos estrechos y ante un posible caso sospechoso, procedieron al hisopado y aislamiento de la persona.<\/p>\n\n\n\n<p>Adem\u00e1s, se realizaron acciones a trav\u00e9s del programa de prevenci\u00f3n comunitaria Cuidarnos, que lleva adelante el Municipio de Quilmes, y el relevamiento territorial del programa El Barrio Cuida al Barrio, que identifica grupos de riesgo y necesidades de la comunidad con la participaci\u00f3n de trabajadores y trabajadoras de la econom\u00eda popular.<\/p>\n\n\n\n<p>Desde la Secretar\u00eda de Salud local recordaron que el primer criterio para determinar un caso sospechoso de Covid-19 incluye a toda persona que presente uno o m\u00e1s de estos s\u00edntomas: fiebre (37.5\u00b0C o m\u00e1s), tos, odinofagia (dolor de garganta al tragar), dificultad respiratoria, anosmia\/disgeusia (falta de olfato o gusto) de reciente aparici\u00f3n.<\/p>\n\n\n\n<p>Estuvieron presentes en la actividad, el secretario de Salud de Quilmes, doctor Jonatan Konfino; la directora de Programas de Salud, Ver\u00f3nica V\u00e1zquez; la directora del CAPS Cecilia Grierson, Luciana Pasquale; el coordinador de Descentralizaci\u00f3n de la Jefatura de Gabinete, Juli\u00e1n Bellido y las concejalas Mar\u00eda Eva Stoltzing y Susana Cano.<\/p>\n","protected":false},"excerpt":{"rendered":"<p>El Municipio de Quilmes informa que se desarroll\u00f3 un nuevo&nbsp; operativo de b\u00fasqueda activa de&#8230;<\/p>\n","protected":false},"author":1,"featured_media":59656,"comment_status":"open","ping_status":"open","sticky":false,"template":"","format":"standard","meta":{"footnotes":""},"categories":[31],"tags":[],"class_list":["post-6636","post","type-post","status-publish","format-standard","has-post-thumbnail","hentry","category-salud"],"_links":{"self":[{"href":"https:\/\/conurbanodiario.com.ar\/index.php?rest_route=\/wp\/v2\/posts\/6636","targetHints":{"allow":["GET"]}}],"collection":[{"href":"https:\/\/conurbanodiario.com.ar\/index.php?rest_route=\/wp\/v2\/posts"}],"about":[{"href":"https:\/\/conurbanodiario.com.ar\/index.php?rest_route=\/wp\/v2\/types\/post"}],"author":[{"embeddable":true,"href":"https:\/\/conurbanodiario.com.ar\/index.php?rest_route=\/wp\/v2\/users\/1"}],"replies":[{"embeddable":true,"href":"https:\/\/conurbanodiario.com.ar\/index.php?rest_route=%2Fwp%2Fv2%2Fcomments&post=6636"}],"version-history":[{"count":1,"href":"https:\/\/conurbanodiario.com.ar\/index.php?rest_route=\/wp\/v2\/posts\/6636\/revisions"}],"predecessor-version":[{"id":6638,"href":"https:\/\/conurbanodiario.com.ar\/index.php?rest_route=\/wp\/v2\/posts\/6636\/revisions\/6638"}],"wp:featuredmedia":[{"embeddable":true,"href":"https:\/\/conurbanodiario.com.ar\/index.php?rest_route=\/wp\/v2\/media\/59656"}],"wp:attachment":[{"href":"https:\/\/conurbanodiario.com.ar\/index.php?rest_route=%2Fwp%2Fv2%2Fmedia&parent=6636"}],"wp:term":[{"taxonomy":"category","embeddable":true,"href":"https:\/\/conurbanodiario.com.ar\/index.php?rest_route=%2Fwp%2Fv2%2Fcategories&post=6636"},{"taxonomy":"post_tag","embeddable":true,"href":"https:\/\/conurbanodiario.com.ar\/index.php?rest_route=%2Fwp%2Fv2%2Ftags&post=6636"}],"curies":[{"name":"wp","href":"https:\/\/api.w.org\/{rel}","templated":true}]}}