{"id":6634,"date":"2020-07-24T15:24:14","date_gmt":"2020-07-24T18:24:14","guid":{"rendered":"http:\/\/conurbanodiario.com.ar\/?p=6634"},"modified":"2020-07-24T15:24:15","modified_gmt":"2020-07-24T18:24:15","slug":"mayra-mendoza-estara-en-aislamiento-preventivo-por-haber-sido-contacto-estrecho-de-covid-19","status":"publish","type":"post","link":"https:\/\/conurbanodiario.com.ar\/?p=6634","title":{"rendered":"MAYRA MENDOZA ESTAR\u00c1 EN AISLAMIENTO PREVENTIVO POR HABER SIDO CONTACTO ESTRECHO DE COVID-19"},"content":{"rendered":"\n<p>La intendenta de Quilmes, Mayra Mendoza, estar\u00e1 en aislamiento preventivo, debido a que una trabajadora municipal que se desempe\u00f1a en el mismo sector que la Jefa comunal dio positivo de coronavirus, por lo que la Intendenta es considerada contacto estrecho. Se inform\u00f3 que no tiene indicaci\u00f3n de hisopado.<\/p>\n\n\n\n<p>\u201cBuen d\u00eda. Una trabajadora municipal muy cercana a m\u00ed, comenz\u00f3 con s\u00edntomas, se le realiz\u00f3 un hisopado y dio COVID positivo. Soy un contacto estrecho de ella, as\u00ed que activamos el protocolo y entro en aislamiento preventivo. Seamos responsables y sig\u00e1monos cuidando entre todos\u201d, expres\u00f3 Mayra en sus redes sociales.<\/p>\n\n\n\n<p>Por su parte, el secretario de Salud, doctor Jonatan Konfino, se\u00f1al\u00f3 que \u201cMayra no tiene indicaci\u00f3n de hisopado y se encuentra en buen estado, por lo que estar\u00e1 en aislamiento preventivo en su casa\u201d.<\/p>\n","protected":false},"excerpt":{"rendered":"<p>La intendenta de Quilmes, Mayra Mendoza, estar\u00e1 en aislamiento preventivo, debido a que una trabajadora&#8230;<\/p>\n","protected":false},"author":1,"featured_media":59656,"comment_status":"open","ping_status":"open","sticky":false,"template":"","format":"standard","meta":{"footnotes":""},"categories":[31],"tags":[],"class_list":["post-6634","post","type-post","status-publish","format-standard","has-post-thumbnail","hentry","category-salud"],"_links":{"self":[{"href":"https:\/\/conurbanodiario.com.ar\/index.php?rest_route=\/wp\/v2\/posts\/6634","targetHints":{"allow":["GET"]}}],"collection":[{"href":"https:\/\/conurbanodiario.com.ar\/index.php?rest_route=\/wp\/v2\/posts"}],"about":[{"href":"https:\/\/conurbanodiario.com.ar\/index.php?rest_route=\/wp\/v2\/types\/post"}],"author":[{"embeddable":true,"href":"https:\/\/conurbanodiario.com.ar\/index.php?rest_route=\/wp\/v2\/users\/1"}],"replies":[{"embeddable":true,"href":"https:\/\/conurbanodiario.com.ar\/index.php?rest_route=%2Fwp%2Fv2%2Fcomments&post=6634"}],"version-history":[{"count":1,"href":"https:\/\/conurbanodiario.com.ar\/index.php?rest_route=\/wp\/v2\/posts\/6634\/revisions"}],"predecessor-version":[{"id":6635,"href":"https:\/\/conurbanodiario.com.ar\/index.php?rest_route=\/wp\/v2\/posts\/6634\/revisions\/6635"}],"wp:featuredmedia":[{"embeddable":true,"href":"https:\/\/conurbanodiario.com.ar\/index.php?rest_route=\/wp\/v2\/media\/59656"}],"wp:attachment":[{"href":"https:\/\/conurbanodiario.com.ar\/index.php?rest_route=%2Fwp%2Fv2%2Fmedia&parent=6634"}],"wp:term":[{"taxonomy":"category","embeddable":true,"href":"https:\/\/conurbanodiario.com.ar\/index.php?rest_route=%2Fwp%2Fv2%2Fcategories&post=6634"},{"taxonomy":"post_tag","embeddable":true,"href":"https:\/\/conurbanodiario.com.ar\/index.php?rest_route=%2Fwp%2Fv2%2Ftags&post=6634"}],"curies":[{"name":"wp","href":"https:\/\/api.w.org\/{rel}","templated":true}]}}