{"id":6631,"date":"2020-07-24T15:13:28","date_gmt":"2020-07-24T18:13:28","guid":{"rendered":"http:\/\/conurbanodiario.com.ar\/?p=6631"},"modified":"2020-07-24T15:16:45","modified_gmt":"2020-07-24T18:16:45","slug":"alberto-de-fazio-sobre-el-desembarco-de-las-fuerzas-federales-en-quilmes-nos-permitira-reforzar-el-control-preventivo-del-delito","status":"publish","type":"post","link":"https:\/\/conurbanodiario.com.ar\/?p=6631","title":{"rendered":"ALBERTO DE FAZIO SOBRE EL DESEMBARCO DE LAS FUERZAS FEDERALES EN QUILMES: \u00abNOS PERMITIR\u00c1 REFORZAR EL CONTROL PREVENTIVO DEL DELITO\u00bb"},"content":{"rendered":"\n<p>El secretario de Comunicaci\u00f3n y Relaciones Institucionales del Municipio Quilmes, Alberto de Fazio, en di\u00e1logo con T\u00e9lam Radio, se refiri\u00f3 al desembarco de las Fuerzas Federales en el distrito, sostuvo que \u201cera una inquietud\u201d que ven\u00eda planteando la intendenta de Quilmes, Mayra Mendoza, junto a otros jefes comunales del conurbano sur ante la merma de efectivos policiales producto de la pandemia y asegur\u00f3 que la medida \u201cpermitir\u00e1 reforzar el control preventivo del delito e incrementar las patrullas en las calles\u201d.<\/p>\n\n\n\n<p>\u201cMuchos polic\u00edas est\u00e1n contagiados o en aislamiento preventivo y otros polic\u00edas con sus m\u00f3viles est\u00e1n afectados al control sanitario. Esto dio como resultado una merma en la capacidad de prevenci\u00f3n del delito y siempre planteamos en estos d\u00edas que una colaboraci\u00f3n de las Fuerzas Federales resultaba necesaria y oportuna\u201d, detall\u00f3 el funcionario. En este sentido, destac\u00f3 el trabajo articulado con el gobernador bonaerense, Axel Kicillof, y los ministros de Seguridad de Naci\u00f3n y de Provincia, Sabina Frederic y Sergio Berni, respectivamente.<\/p>\n\n\n\n<p>Asimismo, De Fazio mencion\u00f3 el Operativo Centinela de 2011, dispuesto por la entonces presidenta Cristina Kirchner, como un antecedente de esta medida en materia de seguridad. \u201cCreemos que vamos a tener los mismos resultados que en esa oportunidad: una baja sensible del delito por esta colaboraci\u00f3n y esta sinergia entre las Fuerzas Federales y las locales. A su vez, hay que pensar esto con una perspectiva de mediano plazo, ya que no es una tarea r\u00e1pida ni sencilla\u201d.<\/p>\n\n\n\n<p>Sobre la din\u00e1mica de trabajo el funcionario inform\u00f3 que los operativos de seguridad y control preventivo se realizar\u00e1n de forma sorpresiva para garantizar su efectividad. Y, finalmente, indic\u00f3 que \u201ctenemos que hacer una acci\u00f3n coordinada con todos los municipios para que no se vayan corriendo los hechos delictivos de un lugar a otro\u201d.<\/p>\n","protected":false},"excerpt":{"rendered":"<p>El secretario de Comunicaci\u00f3n y Relaciones Institucionales del Municipio Quilmes, Alberto de Fazio, en di\u00e1logo&#8230;<\/p>\n","protected":false},"author":1,"featured_media":59656,"comment_status":"open","ping_status":"open","sticky":false,"template":"","format":"standard","meta":{"footnotes":""},"categories":[10],"tags":[],"class_list":["post-6631","post","type-post","status-publish","format-standard","has-post-thumbnail","hentry","category-seguridad"],"_links":{"self":[{"href":"https:\/\/conurbanodiario.com.ar\/index.php?rest_route=\/wp\/v2\/posts\/6631","targetHints":{"allow":["GET"]}}],"collection":[{"href":"https:\/\/conurbanodiario.com.ar\/index.php?rest_route=\/wp\/v2\/posts"}],"about":[{"href":"https:\/\/conurbanodiario.com.ar\/index.php?rest_route=\/wp\/v2\/types\/post"}],"author":[{"embeddable":true,"href":"https:\/\/conurbanodiario.com.ar\/index.php?rest_route=\/wp\/v2\/users\/1"}],"replies":[{"embeddable":true,"href":"https:\/\/conurbanodiario.com.ar\/index.php?rest_route=%2Fwp%2Fv2%2Fcomments&post=6631"}],"version-history":[{"count":1,"href":"https:\/\/conurbanodiario.com.ar\/index.php?rest_route=\/wp\/v2\/posts\/6631\/revisions"}],"predecessor-version":[{"id":6633,"href":"https:\/\/conurbanodiario.com.ar\/index.php?rest_route=\/wp\/v2\/posts\/6631\/revisions\/6633"}],"wp:featuredmedia":[{"embeddable":true,"href":"https:\/\/conurbanodiario.com.ar\/index.php?rest_route=\/wp\/v2\/media\/59656"}],"wp:attachment":[{"href":"https:\/\/conurbanodiario.com.ar\/index.php?rest_route=%2Fwp%2Fv2%2Fmedia&parent=6631"}],"wp:term":[{"taxonomy":"category","embeddable":true,"href":"https:\/\/conurbanodiario.com.ar\/index.php?rest_route=%2Fwp%2Fv2%2Fcategories&post=6631"},{"taxonomy":"post_tag","embeddable":true,"href":"https:\/\/conurbanodiario.com.ar\/index.php?rest_route=%2Fwp%2Fv2%2Ftags&post=6631"}],"curies":[{"name":"wp","href":"https:\/\/api.w.org\/{rel}","templated":true}]}}