{"id":6627,"date":"2020-07-24T15:04:23","date_gmt":"2020-07-24T18:04:23","guid":{"rendered":"http:\/\/conurbanodiario.com.ar\/?p=6627"},"modified":"2020-08-12T21:57:20","modified_gmt":"2020-08-13T00:57:20","slug":"nada-justifica-que-un-hombre-mate-a-otro-que-se-encuentra-indefenso-dijo-jorge-rivas","status":"publish","type":"post","link":"https:\/\/conurbanodiario.com.ar\/?p=6627","title":{"rendered":"\u00abNADA JUSTIFICA QUE UN HOMBRE MATE A OTRO QUE SE ENCUENTRA INDEFENSO\u00bb, DIJO JORGE RIVAS"},"content":{"rendered":"\n<p>El dirigente socialista -integrante del Frente de Todos- Jorge Rivas, quien se encuentra cuadripl\u00e9jico por las secuelas de un robo que sufri\u00f3 cuando era vicejefe de Gabinete de Alberto Fern\u00e1ndez, dijo hoy que \u201cnada justifica que un hombre mate a otro que se encuentra indefenso\u201d, al opinar sobre el caso del jubilado de Quilmes que mat\u00f3 a uno de los delincuentes que asaltaron su domicilio.<\/p>\n\n\n\n<p>Rivas, que qued\u00f3 cuadripl\u00e9jico tras un golpe en la cara recibido en 2007 durante un robo que sufri\u00f3, destac\u00f3 que \u201cpuede haber causales agravantes o atenuantes\u201d en el caso del jubilado Jorge R\u00edos, pero insisti\u00f3 en que \u201cnada justifica que un hombre mate a otro que se encuentra indefenso\u201d.<\/p>\n\n\n\n<p>\u201cHay opiniones que no permiten ambig\u00fcedad seg\u00fan el humor social\u201d, escribi\u00f3 en un texto que public\u00f3 en sus redes sociales.<\/p>\n\n\n\n<p>Rivas, abogado y asesor del Presidente en temas de derechos de las personas con discapacidad, apunt\u00f3: \u201cNada justifica que un hombre mate a otro que se encuentra indefenso; eticamente es inadmisible\u201d.<\/p>\n\n\n\n<p>\u201cPartiendo de ese principio, puede haber causales agravantes o atenuantes. Pero como sociedad civilizada, debemos ser contundentes en rechazar la institucionalizaci\u00f3n de la venganza por mano propia\u201d, concluy\u00f3 el ex diputado nacional, que se comunica mediante una computadora con un programa especial gratuito de escritura y voz, llamado Hada Soft.<\/p>\n","protected":false},"excerpt":{"rendered":"<p>El dirigente socialista -integrante del Frente de Todos- Jorge Rivas, quien se encuentra cuadripl\u00e9jico por&#8230;<\/p>\n","protected":false},"author":1,"featured_media":59656,"comment_status":"open","ping_status":"open","sticky":false,"template":"","format":"standard","meta":{"footnotes":""},"categories":[29,10],"tags":[],"class_list":["post-6627","post","type-post","status-publish","format-standard","has-post-thumbnail","hentry","category-judiciales","category-seguridad"],"_links":{"self":[{"href":"https:\/\/conurbanodiario.com.ar\/index.php?rest_route=\/wp\/v2\/posts\/6627","targetHints":{"allow":["GET"]}}],"collection":[{"href":"https:\/\/conurbanodiario.com.ar\/index.php?rest_route=\/wp\/v2\/posts"}],"about":[{"href":"https:\/\/conurbanodiario.com.ar\/index.php?rest_route=\/wp\/v2\/types\/post"}],"author":[{"embeddable":true,"href":"https:\/\/conurbanodiario.com.ar\/index.php?rest_route=\/wp\/v2\/users\/1"}],"replies":[{"embeddable":true,"href":"https:\/\/conurbanodiario.com.ar\/index.php?rest_route=%2Fwp%2Fv2%2Fcomments&post=6627"}],"version-history":[{"count":2,"href":"https:\/\/conurbanodiario.com.ar\/index.php?rest_route=\/wp\/v2\/posts\/6627\/revisions"}],"predecessor-version":[{"id":6630,"href":"https:\/\/conurbanodiario.com.ar\/index.php?rest_route=\/wp\/v2\/posts\/6627\/revisions\/6630"}],"wp:featuredmedia":[{"embeddable":true,"href":"https:\/\/conurbanodiario.com.ar\/index.php?rest_route=\/wp\/v2\/media\/59656"}],"wp:attachment":[{"href":"https:\/\/conurbanodiario.com.ar\/index.php?rest_route=%2Fwp%2Fv2%2Fmedia&parent=6627"}],"wp:term":[{"taxonomy":"category","embeddable":true,"href":"https:\/\/conurbanodiario.com.ar\/index.php?rest_route=%2Fwp%2Fv2%2Fcategories&post=6627"},{"taxonomy":"post_tag","embeddable":true,"href":"https:\/\/conurbanodiario.com.ar\/index.php?rest_route=%2Fwp%2Fv2%2Ftags&post=6627"}],"curies":[{"name":"wp","href":"https:\/\/api.w.org\/{rel}","templated":true}]}}