{"id":6620,"date":"2020-07-24T14:20:25","date_gmt":"2020-07-24T17:20:25","guid":{"rendered":"http:\/\/conurbanodiario.com.ar\/?p=6620"},"modified":"2020-07-29T12:35:55","modified_gmt":"2020-07-29T15:35:55","slug":"denuncian-desalojo-en-los-eucaliptus-el-municipio-desmiente","status":"publish","type":"post","link":"https:\/\/conurbanodiario.com.ar\/?p=6620","title":{"rendered":"DENUNCIAN DESALOJO EN LOS EUCALIPTUS; EL MUNICIPIO DESMIENTE"},"content":{"rendered":"\n<p>Un intenso conflicto se desat\u00f3 ayer en Los Eucaliptus de Quilmes Oeste, cuando vecinos del barrio denunciaron que una treintena de familias fueron desalojadas por el Municipio. A pesar de las im\u00e1genes, donde una concejal del oficialismo discute con un funcionario de la gesti\u00f3n, desde la Comuna, desmintieron el hecho.<\/p>\n\n\n\n<p>Todo se inici\u00f3 en horas de la ma\u00f1ana. Seg\u00fan las im\u00e1genes, se puede ver como la edil y referente del Movimiento Evita, Patricia Iribarne discute con el subsecretario de H\u00e1bitat, Sebasti\u00e1n Raspa.<\/p>\n\n\n\n<p>La medida incluy\u00f3 posterioremente un corte en las inmediaciones de Dardo Rocha y Lamadrid.<\/p>\n\n\n\n<figure class=\"wp-block-video\"><video controls src=\"http:\/\/conurbanodiario.com.ar\/wp-content\/uploads\/2020\/07\/WhatsApp-Video-2020-07-23-at-11.21.05-AM.mp4\"><\/video><\/figure>\n\n\n\n<p>Horas m\u00e1s tarde, desde la Secretar\u00eda de Prensa informaron que \u00abel Municipio de Quilmes inici\u00f3 las tareas de limpieza y movimiento de suelos para el comienzo de obras sobre la calle Jujuy entre Madame Curie y Guillermo Marconi del barrio \u201cLos Eucaliptus\u201d, donde se instalar\u00e1n ocho de las veinticuatro viviendas en ejecuci\u00f3n en la actualidad, junto con un play\u00f3n deportivo que quedar\u00e1 incorporado al equipamiento comunitario del barrio.<br>Y asegur\u00f3: \u00abEs importante destacar que NO SE REALIZ\u00d3 NING\u00daN DESALOJO, no se demoli\u00f3 ninguna vivienda, ni se dej\u00f3 sin vivienda a ninguna familia mientras se llevaron adelante estas acciones para comenzar las mejoras del barrio\u00bb.<\/p>\n\n\n\n<figure class=\"wp-block-video\"><video controls src=\"http:\/\/conurbanodiario.com.ar\/wp-content\/uploads\/2020\/07\/WhatsApp-Video-2020-07-23-at-11.21.05-AM-1-1.mp4\"><\/video><\/figure>\n\n\n\n<p><br><\/p>\n\n\n\n<p>Cabe destacar que todas las acciones realizadas desde el Municipio se hicieron respetando la Ley 14.449 de Acceso Justo al H\u00e1bitat, el Protocolo de actuaci\u00f3n judicial frente a ocupaciones de inmuebles por grupos numerosos de personas en situaci\u00f3n de vulnerabilidad (Resoluci\u00f3n 707\/19) de la Suprema Corte de Justicia de provincia de Buenos Aires, y la Ley Nacional 27453 de Barrios Populares.<\/p>\n\n\n\n<p>En el lugar se encontraban presentes autoridades y equipo social de la subsecretar\u00eda de H\u00e1bitat del Municipio y personal de la empresa.<\/p>\n\n\n\n<p>Desde el Municipio informaron que en los pr\u00f3ximos d\u00edas se estar\u00e1 reglamentando la ordenanza y convocando al Consejo Municipal de H\u00e1bitat para avanzar en las mejoras de los barrios.<\/p>\n\n\n\n<p><\/p>\n\n\n\n<p><a href=\"https:\/\/www.blogger.com\/email-post.g?blogID=1601155840293244448&amp;postID=3265032578346839342\"><\/a><\/p>\n\n\n\n<p><a href=\"https:\/\/www.blogger.com\/email-post.g?blogID=1601155840293244448&amp;postID=3265032578346839342\"><\/a><\/p>\n","protected":false},"excerpt":{"rendered":"<p>Un intenso conflicto se desat\u00f3 ayer en Los Eucaliptus de Quilmes Oeste, cuando vecinos del&#8230;<\/p>\n","protected":false},"author":1,"featured_media":59656,"comment_status":"open","ping_status":"open","sticky":false,"template":"","format":"standard","meta":{"footnotes":""},"categories":[3,35],"tags":[],"class_list":["post-6620","post","type-post","status-publish","format-standard","has-post-thumbnail","hentry","category-informacion-general","category-politica"],"_links":{"self":[{"href":"https:\/\/conurbanodiario.com.ar\/index.php?rest_route=\/wp\/v2\/posts\/6620","targetHints":{"allow":["GET"]}}],"collection":[{"href":"https:\/\/conurbanodiario.com.ar\/index.php?rest_route=\/wp\/v2\/posts"}],"about":[{"href":"https:\/\/conurbanodiario.com.ar\/index.php?rest_route=\/wp\/v2\/types\/post"}],"author":[{"embeddable":true,"href":"https:\/\/conurbanodiario.com.ar\/index.php?rest_route=\/wp\/v2\/users\/1"}],"replies":[{"embeddable":true,"href":"https:\/\/conurbanodiario.com.ar\/index.php?rest_route=%2Fwp%2Fv2%2Fcomments&post=6620"}],"version-history":[{"count":2,"href":"https:\/\/conurbanodiario.com.ar\/index.php?rest_route=\/wp\/v2\/posts\/6620\/revisions"}],"predecessor-version":[{"id":6643,"href":"https:\/\/conurbanodiario.com.ar\/index.php?rest_route=\/wp\/v2\/posts\/6620\/revisions\/6643"}],"wp:featuredmedia":[{"embeddable":true,"href":"https:\/\/conurbanodiario.com.ar\/index.php?rest_route=\/wp\/v2\/media\/59656"}],"wp:attachment":[{"href":"https:\/\/conurbanodiario.com.ar\/index.php?rest_route=%2Fwp%2Fv2%2Fmedia&parent=6620"}],"wp:term":[{"taxonomy":"category","embeddable":true,"href":"https:\/\/conurbanodiario.com.ar\/index.php?rest_route=%2Fwp%2Fv2%2Fcategories&post=6620"},{"taxonomy":"post_tag","embeddable":true,"href":"https:\/\/conurbanodiario.com.ar\/index.php?rest_route=%2Fwp%2Fv2%2Ftags&post=6620"}],"curies":[{"name":"wp","href":"https:\/\/api.w.org\/{rel}","templated":true}]}}