{"id":6612,"date":"2020-07-24T01:39:00","date_gmt":"2020-07-24T04:39:00","guid":{"rendered":"http:\/\/conurbanodiario.com.ar\/?p=6612"},"modified":"2020-08-12T21:55:59","modified_gmt":"2020-08-13T00:55:59","slug":"gollan-casi-con-seguridad-vamos-a-tener-que-ir-a-otra-etapa-de-endurecimiento","status":"publish","type":"post","link":"https:\/\/conurbanodiario.com.ar\/?p=6612","title":{"rendered":"GOLLAN: \u00abCASI CON SEGURIDAD VAMOS A TENER QUE IR A OTRA ETAPA DE ENDURECIMIENTO\u00bb"},"content":{"rendered":"\n<p>El ministro de Salud de la provincia de Buenos Aires, Daniel Gollan, dijo que \u00abcasi con seguridad vamos a tener que ir a otra etapa de endurecimiento (de la cuarentena) si siguen aumentando los casos\u00bb de coronavirus.<\/p>\n\n\n\n<p>\u00abEl leitmotiv de un virus es reproducirse, mientras no haya vacuna se va a reproducir\u00bb, afirm\u00f3 el ministro, y detall\u00f3 que \u00aben el AMBA bonaerense tenemos un aumento de los casos preocupante. Sin la vuelta a fase 1 hubiese habido mucho m\u00e1s casos\u00bb.<\/p>\n\n\n\n<p>Gollan se refiri\u00f3 as\u00ed al aislamiento estricto que se extendi\u00f3 entre el 1 y el 17 de julio en la ciudad de Buenos Aires y los municipios del conurbano, que el pasado lunes comenzaron una cuarentena con reapertura escalonada de actividades.<\/p>\n\n\n\n<p>Un aspecto que destac\u00f3 el ministro es la reducci\u00f3n de personas con Covid-19 que requieren internaci\u00f3n en terapia intensiva, y al respecto se\u00f1al\u00f3 que \u00abtenemos 1.000 camas en el interior de la Provincia, que est\u00e1 con una ocupaci\u00f3n del 35 por ciento\u00bb.<\/p>\n\n\n\n<p>\u00abEn el AMBA tenemos una ocupaci\u00f3n del 60 o 61 por ciento, pero var\u00eda todos los d\u00edas\u00bb, expres\u00f3 Gollan, quien sostuvo que el Gobierno bonaerense no va a esperar que en el AMBA haya una ocupaci\u00f3n del 90 ciento de las camas. \u00abCon una cifra bastante menor vamos a volver a las restricciones\u00bb, enfatiz\u00f3 en di\u00e1logo con radio Futurock.<\/p>\n\n\n\n<p>Gollan advirti\u00f3 que hay \u00abuna fuerte resistencia de la gente a dejar su casa\u00bb para internarse y recomend\u00f3 que \u00ablo m\u00e1s efectivo es que durante 10 d\u00edas (los enfermos) est\u00e9n acompa\u00f1ados en alg\u00fan lugar donde est\u00e9n cuidados y no tengan contacto con otra gente\u00bb.<\/p>\n\n\n\n<p>El mi\u00e9rcoles el Gobierno bonaerense anunci\u00f3 que otorgar\u00e1 un subsidio de 500 pesos por d\u00eda a los infectados leves de coronavirus que se a\u00edslen en los centros extrahospitalarios montados en la jurisdicci\u00f3n, como medida para mitigar la propagaci\u00f3n de contagios.<\/p>\n\n\n\n<p>\u00abEl subsidio de 500 pesos es un reconocimiento del lucro cesante y el desarraigo\u00bb, afirm\u00f3 Gollan.<\/p>\n","protected":false},"excerpt":{"rendered":"<p>El ministro de Salud de la provincia de Buenos Aires, Daniel Gollan, dijo que \u00abcasi&#8230;<\/p>\n","protected":false},"author":1,"featured_media":59656,"comment_status":"open","ping_status":"open","sticky":false,"template":"","format":"standard","meta":{"footnotes":""},"categories":[31],"tags":[],"class_list":["post-6612","post","type-post","status-publish","format-standard","has-post-thumbnail","hentry","category-salud"],"_links":{"self":[{"href":"https:\/\/conurbanodiario.com.ar\/index.php?rest_route=\/wp\/v2\/posts\/6612","targetHints":{"allow":["GET"]}}],"collection":[{"href":"https:\/\/conurbanodiario.com.ar\/index.php?rest_route=\/wp\/v2\/posts"}],"about":[{"href":"https:\/\/conurbanodiario.com.ar\/index.php?rest_route=\/wp\/v2\/types\/post"}],"author":[{"embeddable":true,"href":"https:\/\/conurbanodiario.com.ar\/index.php?rest_route=\/wp\/v2\/users\/1"}],"replies":[{"embeddable":true,"href":"https:\/\/conurbanodiario.com.ar\/index.php?rest_route=%2Fwp%2Fv2%2Fcomments&post=6612"}],"version-history":[{"count":1,"href":"https:\/\/conurbanodiario.com.ar\/index.php?rest_route=\/wp\/v2\/posts\/6612\/revisions"}],"predecessor-version":[{"id":6613,"href":"https:\/\/conurbanodiario.com.ar\/index.php?rest_route=\/wp\/v2\/posts\/6612\/revisions\/6613"}],"wp:featuredmedia":[{"embeddable":true,"href":"https:\/\/conurbanodiario.com.ar\/index.php?rest_route=\/wp\/v2\/media\/59656"}],"wp:attachment":[{"href":"https:\/\/conurbanodiario.com.ar\/index.php?rest_route=%2Fwp%2Fv2%2Fmedia&parent=6612"}],"wp:term":[{"taxonomy":"category","embeddable":true,"href":"https:\/\/conurbanodiario.com.ar\/index.php?rest_route=%2Fwp%2Fv2%2Fcategories&post=6612"},{"taxonomy":"post_tag","embeddable":true,"href":"https:\/\/conurbanodiario.com.ar\/index.php?rest_route=%2Fwp%2Fv2%2Ftags&post=6612"}],"curies":[{"name":"wp","href":"https:\/\/api.w.org\/{rel}","templated":true}]}}