{"id":6605,"date":"2020-07-23T12:34:47","date_gmt":"2020-07-23T15:34:47","guid":{"rendered":"http:\/\/conurbanodiario.com.ar\/?p=6605"},"modified":"2020-07-29T12:35:40","modified_gmt":"2020-07-29T15:35:40","slug":"aseguran-que-asaltantes-de-jubilado-mataron-a-un-joven-a-la-salida-de-un-boliche-hace-seis-anos","status":"publish","type":"post","link":"https:\/\/conurbanodiario.com.ar\/?p=6605","title":{"rendered":"ASEGURAN QUE ASALTANTES DE JUBILADO MATARON A UN JOVEN A LA SALIDA DE UN BOLICHE HACE SEIS A\u00d1OS"},"content":{"rendered":"\n<p>Los padres de Adri\u00e1n Novillo, un joven de 16 a\u00f1os que fue asesinado a golpes por un grupo de al menos ocho personas a la la salida de un boliche del partido bonaerense de Quilmes, aseguraron hoy que la banda que atac\u00f3 a su hijo es la misma que asalt\u00f3 al jubilado Jorge R\u00edos.<\/p>\n\n\n\n<p>\u00abSon todos de la misma banda, el asesinado (Franco) Moreyra es familiar de uno de los que particip\u00f3 del asesinato de mi hijo y uno de los pr\u00f3fugos, Nicol\u00e1s Claudio Dahmer, y el hermano, que no particip\u00f3 del caso del jubilado, estuvieron en el de mi hijo. Les dicen \u00b4Los peques&#8217;, miden 1,50 y son f\u00e1ciles de reconocer\u00bb, dijo hoy Marcelo Novillo, padre de Adri\u00e1n, a Radio Colonia.<\/p>\n\n\n\n<p>El hombre asegur\u00f3 que Dahmer \u00abes quien estuvo preso y sali\u00f3 por orden de un juez\u00bb en abril \u00faltimo a ra\u00edz de un habeas corpus colectivo presentado en el marco de la pandemia de coronavirus y que, adem\u00e1s, integr\u00f3 el grupo que atac\u00f3 a su hijo el 14 de junio de 2014 en la puerta del boliche \u00abSpace\u00bb de Quilmes.<\/p>\n\n\n\n<p>Novillo padre dijo que uno de los l\u00edderes del grupo y \u00fanico condenado por el crimen de su hijo es Alejandro Amaro, \u00abjefe de la banda y segunda l\u00ednea de la barra de Quilmes, ya que la primera l\u00ednea la tiene otra banda, que es de la villa Los \u00c1lamos\u00bb.<\/p>\n\n\n\n<p>Por su parte, la mam\u00e1 del joven asesinado, Karina, poste\u00f3 en las \u00faltimas horas en el muro de \u00abJusticia por Adri\u00e1n\u00bb de la red social Facebook, una nota en la que recuerda lo sucedido con su hijo y acompa\u00f1a con una foro de Dahmer junto al condenado Amaro.<\/p>\n\n\n\n<p>\u00abOtra vez con todas nuestras energ\u00edas y el dolor a flor de piel, pidiendo que paguen por lo que te hicieron, aparece el nombre de Claudio Dahmer sin rostro en el noticiero y medios peri\u00f3disticos pregunt\u00e1ndo si son ellos, si alguno de los que en esta oportunidad atacaron al jubilado es el mismo de los malvivientes de La Vera que te ataco aquella noche, hace 6 a\u00f1os en las calles de Quilmes&#8230;.\u00bb, comienza el texto.<\/p>\n\n\n\n<p>Y contin\u00faa: \u00abY s\u00ed&#8230;es Claudio Nicol\u00e1s Dahmer, uno de los entre 8 y 12 que vieron con sus ojos el horror que padeciste aquella nefasta noche, fue \u00e9l uno de los tantos que te patearon en el piso luego de darte una patada por la espalda mientras caminabas para que tu carita en la calle\u00bb.<\/p>\n\n\n\n<p>En el texto, en el que describe los pormenores del ataque que sufri\u00f3 Adri\u00e1n ese 14 de junio de hace seis a\u00f1os, la mujer agrega que ahora ruega \u00abque la Justicia por fin ponga en el lugar que debe estar \u00e9sta lacra\u00bb.<\/p>\n\n\n\n<p>\u00abPero cuando veo al pobre jubilado con sus pasos lentos, yendo a hacer lo \u00fanico que le sali\u00f3 luego de terrible vejaci\u00f3n, abatido el hombre, sinti\u00e9ndose destrozado, desolado, como abatido estuviste vos con s\u00f3lo 16 a\u00f1os en manos de \u00e9stas hienas&#8230;el jubilado preso, vos en el cementerio, ellos en las calles, todo al rev\u00e9s en \u00e9ste mundo&#8230;\u00bb, contin\u00faa.<\/p>\n\n\n\n<p>Al igual que la madre de su hijo, Marcelo Novillo, consider\u00f3 sobre el jubilado R\u00edos que se trata de \u00abuna persona grande, totalmente temerosa, torturada, cansada de los golpes, que en ning\u00fan momento quiso matar\u00bb, por lo que exigi\u00f3 \u00absu liberaci\u00f3n\u00bb.<\/p>\n\n\n\n<p>Adri\u00e1n Novillo muri\u00f3 el 27 de junio de 2014, d\u00edas despu\u00e9s de ser atacado a la salida del boliche situado en avenida Calchaqu\u00ed al 3100, de Quilmes, por una banda de al menos ocho personas que lo golpe\u00f3, pate\u00f3 y le rob\u00f3 sus pertenencias.<\/p>\n\n\n\n<p>Sus padres denunciaron desde el inicio que lo atacantes pertenec\u00edan a la barrabrava de Quilmes e, incluso, el hombre amenaz\u00f3 a\u00f1os atr\u00e1s con arrojarse desde la c\u00fapula del edificio de la antigua confiter\u00eda El Molino, situado en la intersecci\u00f3n de las avenidas Rivadavia y Callao, mientras ped\u00eda justicia.<\/p>\n\n\n\n<p>Por el crimen del adolescente fue condenado a 12 a\u00f1os de c\u00e1rcel -ocho por homicidio y cuatro por robo- Fernando \u00abPichichu\u00bb Amaro.<\/p>\n","protected":false},"excerpt":{"rendered":"<p>Los padres de Adri\u00e1n Novillo, un joven de 16 a\u00f1os que fue asesinado a golpes&#8230;<\/p>\n","protected":false},"author":1,"featured_media":59656,"comment_status":"open","ping_status":"open","sticky":false,"template":"","format":"standard","meta":{"footnotes":""},"categories":[10],"tags":[],"class_list":["post-6605","post","type-post","status-publish","format-standard","has-post-thumbnail","hentry","category-seguridad"],"_links":{"self":[{"href":"https:\/\/conurbanodiario.com.ar\/index.php?rest_route=\/wp\/v2\/posts\/6605","targetHints":{"allow":["GET"]}}],"collection":[{"href":"https:\/\/conurbanodiario.com.ar\/index.php?rest_route=\/wp\/v2\/posts"}],"about":[{"href":"https:\/\/conurbanodiario.com.ar\/index.php?rest_route=\/wp\/v2\/types\/post"}],"author":[{"embeddable":true,"href":"https:\/\/conurbanodiario.com.ar\/index.php?rest_route=\/wp\/v2\/users\/1"}],"replies":[{"embeddable":true,"href":"https:\/\/conurbanodiario.com.ar\/index.php?rest_route=%2Fwp%2Fv2%2Fcomments&post=6605"}],"version-history":[{"count":1,"href":"https:\/\/conurbanodiario.com.ar\/index.php?rest_route=\/wp\/v2\/posts\/6605\/revisions"}],"predecessor-version":[{"id":6607,"href":"https:\/\/conurbanodiario.com.ar\/index.php?rest_route=\/wp\/v2\/posts\/6605\/revisions\/6607"}],"wp:featuredmedia":[{"embeddable":true,"href":"https:\/\/conurbanodiario.com.ar\/index.php?rest_route=\/wp\/v2\/media\/59656"}],"wp:attachment":[{"href":"https:\/\/conurbanodiario.com.ar\/index.php?rest_route=%2Fwp%2Fv2%2Fmedia&parent=6605"}],"wp:term":[{"taxonomy":"category","embeddable":true,"href":"https:\/\/conurbanodiario.com.ar\/index.php?rest_route=%2Fwp%2Fv2%2Fcategories&post=6605"},{"taxonomy":"post_tag","embeddable":true,"href":"https:\/\/conurbanodiario.com.ar\/index.php?rest_route=%2Fwp%2Fv2%2Ftags&post=6605"}],"curies":[{"name":"wp","href":"https:\/\/api.w.org\/{rel}","templated":true}]}}