{"id":6603,"date":"2020-07-23T12:08:18","date_gmt":"2020-07-23T15:08:18","guid":{"rendered":"http:\/\/conurbanodiario.com.ar\/?p=6603"},"modified":"2020-07-29T12:35:29","modified_gmt":"2020-07-29T15:35:29","slug":"la-declaracion-completa-del-testigo-clave-vi-al-hombre-pateandolo-y-escuche-un-tercer-disparo","status":"publish","type":"post","link":"https:\/\/conurbanodiario.com.ar\/?p=6603","title":{"rendered":"LA DECLARACI\u00d3N COMPLETA DEL TESTIGO CLAVE: \u00abVI AL HOMBRE PATE\u00c1NDOLO Y ESCUCH\u00c9 UN TERCER DISPARO\u00bb"},"content":{"rendered":"\n<p>El testigo clave del homicidio del ladr\u00f3n Franco Moreyra en Quilmes, por el que est\u00e1 imputado y con prisi\u00f3n domiciliaria el jubilado Jorge R\u00edos, es un colectivero de la l\u00ednea 257 que cont\u00f3 a los investigadores que presenci\u00f3 \u00abparte de ese hecho\u00bb y revel\u00f3 la dos secuencias en las que escuch\u00f3 en ese sitio los tres disparos.<\/p>\n\n\n\n<p>Las siguientes son las frases principales y textuales de la declaraci\u00f3n completa del testigo \u2013cuya identidad se resguarda-, a la que accedi\u00f3 T\u00e9lam:<\/p>\n\n\n\n<p>-\u00abMe acerco de forma espont\u00e1nea a la seccional policial de Quilmes Novena, luego de haber visto en los medios televisivos lo que ocurri\u00f3 el pasado 17 de julio horas de la madrugada, en donde yo presenci\u00e9 parte de ese hecho\u00bb.<\/p>\n\n\n\n<p>-\u00abEse d\u00eda, siendo aproximadamente las 4:40 horas, sal\u00ed de mi domicilio a bordo de mi veh\u00edculo particular marca Fiat modelo Uno de color blanco con el capot negro, con direcci\u00f3n a la empresa de colectivo 257\u00bb.<\/p>\n\n\n\n<p>-\u00abAl llegar a la arteria Acha y Ayola es que veo que van cruzando a las corridas dos masculinos sobre la calle Acha hacia Irala, de los cuales recuerdo estaban vestidos con ropas de gimnasia de color oscuras y con barbijos\u00bb.<\/p>\n\n\n\n<p>-\u00abLuego de haber pasado la arteria Amoedo es que decid\u00ed volver, ya que me qued\u00e9 pensando que estos sujetos que hab\u00eda visto correr podr\u00edan querer meterse a mi domicilio, dado que la zona es bastante insegura\u00bb.<\/p>\n\n\n\n<p>-\u00abDoblo en la calle Benito P\u00e9rez Galdos sobre la arteria Acha con sentido norte a sur, y al llegar a la calle Ayola, observo una persona de contextura f\u00edsica morruda, pelo bien corto vistiendo una campera de color crema, al cual no reconozco porque esa calle no posee buena iluminaci\u00f3n\u00bb<\/p>\n\n\n\n<p>-\u00abEste sujeto se tomaba del pecho con sus manos y estaba encorvado, por lo que me detengo y me coloco a la par y le pregunto si se encontraba bien, si necesitaba ayuda, por lo que este masculino no me respondi\u00f3 nada\u00bb.<\/p>\n\n\n\n<p>-\u00abEn ese momento es que veo por el espejo retrovisor de mi veh\u00edculo, que desde atr\u00e1s ya se encontraba una persona mayor quien pose\u00eda en su mano un arma de fuego, y que en ese instante escucho un disparo de arma y que enseguida escucho un segundo disparo\u00bb.<\/p>\n\n\n\n<p>-\u00abEn ese momento y ante esta situaci\u00f3n es que acelero mi veh\u00edculo y me voy del lugar, hasta llegar a la calle Irala donde doy la vuelta en U y vuelvo a pasar por donde estaba este hombre armado, haciendo esto por nervios ya que no sab\u00eda qui\u00e9nes eran, no sabiendo c\u00f3mo actuar, si bajarme o no\u00bb.<\/p>\n\n\n\n<p>-\u00abAl pasar lo veo al hombre pateando al masculino que estaba en el piso y ante mis nervios sigo sin parar pero a baja velocidad, y en ese instante escucho un nuevo disparo, siendo el tercero\u00bb.<\/p>\n\n\n\n<p>-\u00abLuego de hacer unos cincuenta metros, me detengo, con el fin de ver si pod\u00eda reconocer a alguien de los que se encontraban en el lugar y observo que salen de una vivienda una mujer y un hombre los cuales algo me gritaban, no logrando escucharlos\u00bb.<\/p>\n\n\n\n<p>-\u00abEn ese momento recibo la llamada de mi mujer la cual me comenta que hab\u00eda escuchado disparos y me preguntaba si estaba bien, por lo que decid\u00ed retirarme hasta la empresa de colectivo 257, donde al llegar le coment\u00e9 de esto a el inspector de la l\u00ednea y a unos compa\u00f1eros, los cuales se sorprendieron pero que luego de unos instantes me dieron la planilla y sal\u00eds a trabajar\u00bb.<\/p>\n\n\n\n<p>-\u00abNo me present\u00e9 ese mismo d\u00eda a la seccional policial por temor a que luego me vayan a buscar a m\u00ed\u00bb.<\/p>\n","protected":false},"excerpt":{"rendered":"<p>El testigo clave del homicidio del ladr\u00f3n Franco Moreyra en Quilmes, por el que est\u00e1&#8230;<\/p>\n","protected":false},"author":1,"featured_media":59656,"comment_status":"open","ping_status":"open","sticky":false,"template":"","format":"standard","meta":{"footnotes":""},"categories":[10],"tags":[],"class_list":["post-6603","post","type-post","status-publish","format-standard","has-post-thumbnail","hentry","category-seguridad"],"_links":{"self":[{"href":"https:\/\/conurbanodiario.com.ar\/index.php?rest_route=\/wp\/v2\/posts\/6603","targetHints":{"allow":["GET"]}}],"collection":[{"href":"https:\/\/conurbanodiario.com.ar\/index.php?rest_route=\/wp\/v2\/posts"}],"about":[{"href":"https:\/\/conurbanodiario.com.ar\/index.php?rest_route=\/wp\/v2\/types\/post"}],"author":[{"embeddable":true,"href":"https:\/\/conurbanodiario.com.ar\/index.php?rest_route=\/wp\/v2\/users\/1"}],"replies":[{"embeddable":true,"href":"https:\/\/conurbanodiario.com.ar\/index.php?rest_route=%2Fwp%2Fv2%2Fcomments&post=6603"}],"version-history":[{"count":1,"href":"https:\/\/conurbanodiario.com.ar\/index.php?rest_route=\/wp\/v2\/posts\/6603\/revisions"}],"predecessor-version":[{"id":6604,"href":"https:\/\/conurbanodiario.com.ar\/index.php?rest_route=\/wp\/v2\/posts\/6603\/revisions\/6604"}],"wp:featuredmedia":[{"embeddable":true,"href":"https:\/\/conurbanodiario.com.ar\/index.php?rest_route=\/wp\/v2\/media\/59656"}],"wp:attachment":[{"href":"https:\/\/conurbanodiario.com.ar\/index.php?rest_route=%2Fwp%2Fv2%2Fmedia&parent=6603"}],"wp:term":[{"taxonomy":"category","embeddable":true,"href":"https:\/\/conurbanodiario.com.ar\/index.php?rest_route=%2Fwp%2Fv2%2Fcategories&post=6603"},{"taxonomy":"post_tag","embeddable":true,"href":"https:\/\/conurbanodiario.com.ar\/index.php?rest_route=%2Fwp%2Fv2%2Ftags&post=6603"}],"curies":[{"name":"wp","href":"https:\/\/api.w.org\/{rel}","templated":true}]}}