{"id":6600,"date":"2020-07-23T09:33:35","date_gmt":"2020-07-23T12:33:35","guid":{"rendered":"http:\/\/conurbanodiario.com.ar\/?p=6600"},"modified":"2020-07-23T09:33:36","modified_gmt":"2020-07-23T12:33:36","slug":"seminario-web-educacion-cuarentena-y-despues-protocolo-de-regreso-a-clases","status":"publish","type":"post","link":"https:\/\/conurbanodiario.com.ar\/?p=6600","title":{"rendered":"SEMINARIO WEB \u00abEDUCACI\u00d3N, CUARENTENA Y DESPU\u00c9S: PROTOCOLO DE REGRESO A CLASES\u00bb"},"content":{"rendered":"\n<p>El Municipio de Quilmes informa que el mi\u00e9rcoles por la tarde se llev\u00f3 a cabo el tercer conversatorio intitulado \u201cEducaci\u00f3n, Cuarentena y despu\u00e9s: Protocolo de regreso a clases\u201d, que invit\u00f3 a pensar y a reflexionar sobre los desaf\u00edos que propone esta cuarentena y como se podr\u00e1 adaptar el sistema educativo en todos sus niveles de cara a la vuelta clases.<\/p>\n\n\n\n<p>El evento se llev\u00f3 a cabo a trav\u00e9s del canal de Youtube \u201cQuilmes Educa TV\u201d,&nbsp; una reciente creaci\u00f3n de la Secretar\u00eda de Educaci\u00f3n, Culturas y Deportes, y de la aplicaci\u00f3n Zoom y tuvo como oradores principales al director ejecutivo del Instituto Nacional de Educaci\u00f3n T\u00e9cnica (INET), bi\u00f3logo, investigador del Conicet y divulgador cient\u00edfico, Diego Golombek, el secretario de Salud de Quilmes, doctor Jonatan Konfino y el secretario de Educaci\u00f3n, Culturas y Deportes local, Mario Lozano.<\/p>\n\n\n\n<p>Durante el conversatorio, Diego Golombek present\u00f3 el protocolo que se propuso para regresar a clases: \u00abhay una primera parte del protocolo que es la preparaci\u00f3n a la vuelta a clases y esa preparaci\u00f3n es larga. Implica capacitaci\u00f3n, el sistema no est\u00e1 preparado para volver ma\u00f1ana y en eso estamos trabajando. Las situaciones de riesgo est\u00e1n consideradas y hay que brindar un marco de confiabilidad adecuado, ya que es probable que muchas familias duden y es atendible que si estamos abriendo es porque estamos seguros de que hay m\u00e1s beneficios que desventajas\u00bb, al tiempo que destac\u00f3 que \u201cno tenemos ninguna certidumbre respecto al cu\u00e1ndo va a haber un regreso a las clases presenciales, si debemos estar muy preparados para esto, entender que puede ser dual por un tiempo, presente y a distancia, escalonado y obviamente seguro\u201d.<\/p>\n\n\n\n<p>Entre las medidas acordadas por los ministerios junto con especialistas, est\u00e1n el distanciamiento de dos metros entre los alumnos en los lugares comunes y de un metro y medio dentro de las aulas; tapabocas obligatorio desde primer grado; evitar las aglomeraciones en la entrada y salida de los colegios; limpieza y ventilaci\u00f3n frecuentes de las aulas; y protocolos de higienizaci\u00f3n y limpieza para el personal docente, no docente y capacitaci\u00f3n para los directivos y las familias.<\/p>\n\n\n\n<p>Al referirse a estas medidas, Golombek se\u00f1al\u00f3 que \u201cla educaci\u00f3n&nbsp; es un derecho y estas son obligaciones m\u00ednimas que se tienen que cumplir, es un piso de aplicaci\u00f3n obligatoria sin lo cual no se pueden abrir escuelas\u201d. A partir de ese piso \u201ccada jurisdicci\u00f3n podr\u00e1 emitir los lineamientos adicionales e incluso cada escuela puede tener un reglamento propio\u201d.<\/p>\n\n\n\n<p>Por su parte, Lozano subray\u00f3 que \u201cmuchos de nuestros chicos y chicas est\u00e1n con este s\u00edndrome de la caba\u00f1a que es \u2018me siento seguro dentro de casa y me cuesta salir\u2019 y la apertura de clases juega de forma simb\u00f3lica para atacar es ese mal. Cada una de las pol\u00edticas que se est\u00e1n llevando adelante no est\u00e1n escritas en piedra. Este es un virus que le llega por primera vez a la humanidad, a siete meses de ese primer momento y es sumamente vertiginoso y lo que conocemos hoy es mucho pero no todo para tomar las decisiones perfectas, as\u00ed que vemos a ir mejorando a la luz de la experiencia nuestra y de otros\u201d.<\/p>\n\n\n\n<p>Y tambi\u00e9n destac\u00f3: \u201cagradezco y resalto la importancia de estos encuentros y de la participaci\u00f3n de compa\u00f1eros docentes de provincias y pa\u00edses como M\u00e9xico y Honduras, y sobre todo de nuestro Quilmes y del conurbano\u201d.<\/p>\n\n\n\n<p>Finalmente, Jonatan konfino subray\u00f3 que \u201cme parece que hay una parte de esta vuelta a clases que tiene que ver con esta pandemia a la que hay que tenerle no miedo sino respeto. Hay una l\u00f3gica de generosidad intergeneracional, los que asisten a clase son gente joven pero hay que cuidarnos entre todos para no contagiar a nuestros mayores\u201d, y agreg\u00f3 que \u201cdarnos la posibilidad de planificaci\u00f3n nos permite transitar todos los caminos previos, con un enorme trabajo de gesti\u00f3n como el que se est\u00e1 haciendo, ya que contamos con la ventaja de estar con una situaci\u00f3n que en gran parte del mundo vivi\u00f3 hace meses\u201d.<\/p>\n\n\n\n<p>Konfino concluy\u00f3: \u201cSepan que cuentan conmigo para que la implementaci\u00f3n de este protocolo sea lo mejor planificada posible, fortaleciendo los v\u00ednculos institucionales como hasta ahora y&nbsp; respondiendo como siempre a la conducci\u00f3n de nuestra intendenta Mayra Mendoza\u201d.<\/p>\n","protected":false},"excerpt":{"rendered":"<p>El Municipio de Quilmes informa que el mi\u00e9rcoles por la tarde se llev\u00f3 a cabo&#8230;<\/p>\n","protected":false},"author":1,"featured_media":59656,"comment_status":"open","ping_status":"open","sticky":false,"template":"","format":"standard","meta":{"footnotes":""},"categories":[27],"tags":[],"class_list":["post-6600","post","type-post","status-publish","format-standard","has-post-thumbnail","hentry","category-educacion"],"_links":{"self":[{"href":"https:\/\/conurbanodiario.com.ar\/index.php?rest_route=\/wp\/v2\/posts\/6600","targetHints":{"allow":["GET"]}}],"collection":[{"href":"https:\/\/conurbanodiario.com.ar\/index.php?rest_route=\/wp\/v2\/posts"}],"about":[{"href":"https:\/\/conurbanodiario.com.ar\/index.php?rest_route=\/wp\/v2\/types\/post"}],"author":[{"embeddable":true,"href":"https:\/\/conurbanodiario.com.ar\/index.php?rest_route=\/wp\/v2\/users\/1"}],"replies":[{"embeddable":true,"href":"https:\/\/conurbanodiario.com.ar\/index.php?rest_route=%2Fwp%2Fv2%2Fcomments&post=6600"}],"version-history":[{"count":1,"href":"https:\/\/conurbanodiario.com.ar\/index.php?rest_route=\/wp\/v2\/posts\/6600\/revisions"}],"predecessor-version":[{"id":6602,"href":"https:\/\/conurbanodiario.com.ar\/index.php?rest_route=\/wp\/v2\/posts\/6600\/revisions\/6602"}],"wp:featuredmedia":[{"embeddable":true,"href":"https:\/\/conurbanodiario.com.ar\/index.php?rest_route=\/wp\/v2\/media\/59656"}],"wp:attachment":[{"href":"https:\/\/conurbanodiario.com.ar\/index.php?rest_route=%2Fwp%2Fv2%2Fmedia&parent=6600"}],"wp:term":[{"taxonomy":"category","embeddable":true,"href":"https:\/\/conurbanodiario.com.ar\/index.php?rest_route=%2Fwp%2Fv2%2Fcategories&post=6600"},{"taxonomy":"post_tag","embeddable":true,"href":"https:\/\/conurbanodiario.com.ar\/index.php?rest_route=%2Fwp%2Fv2%2Ftags&post=6600"}],"curies":[{"name":"wp","href":"https:\/\/api.w.org\/{rel}","templated":true}]}}