{"id":6596,"date":"2020-07-23T09:06:26","date_gmt":"2020-07-23T12:06:26","guid":{"rendered":"http:\/\/conurbanodiario.com.ar\/?p=6596"},"modified":"2020-07-23T09:06:27","modified_gmt":"2020-07-23T12:06:27","slug":"promulgan-la-ley-bonaerense-que-impulsa-donacion-de-plasma-de-pacientes-recuperados-de-coronavirus","status":"publish","type":"post","link":"https:\/\/conurbanodiario.com.ar\/?p=6596","title":{"rendered":"PROMULGAN LA LEY BONAERENSE QUE IMPULSA DONACI\u00d3N DE PLASMA DE PACIENTES RECUPERADOS DE CORONAVIRUS"},"content":{"rendered":"\n<p>El gobierno bonaerense promulg\u00f3 hoy la ley que declara de inter\u00e9s provincial la donaci\u00f3n de plasma por parte de pacientes recuperados de coronavirus, con el objetivo de fomentar y promocionar esa pr\u00e1ctica en el marco de la pandemia.<\/p>\n\n\n\n<p>La iniciativa fue sancionada por la Legislatura bonaerense en la sesi\u00f3n del 2 de julio pasado y publicada este jueves en el Bolet\u00edn Oficial del distrito.<\/p>\n\n\n\n<p>En la norma, se determina que la donaci\u00f3n, la obtenci\u00f3n del plasma, la transfusi\u00f3n y la evoluci\u00f3n del paciente receptor deber\u00e1n contar con la supervisi\u00f3n y aprobaci\u00f3n de los protocolos cl\u00ednicos de investigaci\u00f3n y experimentaci\u00f3n habilitados por la autoridad de aplicaci\u00f3n.<\/p>\n\n\n\n<p>El Poder Ejecutivo podr\u00e1 instar a los pacientes recuperados de Covid-19 a acercarse a los centros de hemoterapia y\/o bancos de sangre intrahospitalarios habilitados para realizar la captaci\u00f3n y recolecci\u00f3n de plasma para que se constituyan en donantes.<\/p>\n\n\n\n<p>Ello, se aclar\u00f3 en la norma, \u00abno implica obligatoriedad alguna para los pacientes recuperados\u00bb dado que \u00abla decisi\u00f3n de donar plasma rico en anticuerpos ser\u00e1 siempre un acto de disposici\u00f3n voluntaria\u00bb.<\/p>\n\n\n\n<p>Adem\u00e1s, establece que el Gobierno impulsar\u00e1, durante la vigencia de la emergencia sanitaria, campa\u00f1as de difusi\u00f3n y concientizaci\u00f3n sobre la importancia de la donaci\u00f3n de plasma rico en anticuerpos por parte de pacientes recuperados para la investigaci\u00f3n y experimentaci\u00f3n de tratamientos cl\u00ednicos para pacientes infectados.<\/p>\n\n\n\n<p>Durante la sanci\u00f3n de la ley, cuyo autor es el senador del Frente de Todos Luis Vivona, el legislador explic\u00f3 que esa propuesta \u00abno modifica la ley de donaci\u00f3n de sangre\u00bb y aclar\u00f3 que \u00abla decisi\u00f3n de donar plasma rico en anticuerpos ser\u00e1 siempre un acto de disposici\u00f3n voluntaria\u00bb.<\/p>\n\n\n\n<p>\u00abLos resultados positivos est\u00e1n demostrando la efectividad de este m\u00e9todo de tratamiento\u00bb, afirm\u00f3 y cit\u00f3 que el Hospital de Malvinas Argentinas fue el primero en implementar esta t\u00e9cnica \u00abcon buenos resultados\u00bb.<\/p>\n","protected":false},"excerpt":{"rendered":"<p>El gobierno bonaerense promulg\u00f3 hoy la ley que declara de inter\u00e9s provincial la donaci\u00f3n de&#8230;<\/p>\n","protected":false},"author":1,"featured_media":59656,"comment_status":"open","ping_status":"open","sticky":false,"template":"","format":"standard","meta":{"footnotes":""},"categories":[35],"tags":[],"class_list":["post-6596","post","type-post","status-publish","format-standard","has-post-thumbnail","hentry","category-politica"],"_links":{"self":[{"href":"https:\/\/conurbanodiario.com.ar\/index.php?rest_route=\/wp\/v2\/posts\/6596","targetHints":{"allow":["GET"]}}],"collection":[{"href":"https:\/\/conurbanodiario.com.ar\/index.php?rest_route=\/wp\/v2\/posts"}],"about":[{"href":"https:\/\/conurbanodiario.com.ar\/index.php?rest_route=\/wp\/v2\/types\/post"}],"author":[{"embeddable":true,"href":"https:\/\/conurbanodiario.com.ar\/index.php?rest_route=\/wp\/v2\/users\/1"}],"replies":[{"embeddable":true,"href":"https:\/\/conurbanodiario.com.ar\/index.php?rest_route=%2Fwp%2Fv2%2Fcomments&post=6596"}],"version-history":[{"count":1,"href":"https:\/\/conurbanodiario.com.ar\/index.php?rest_route=\/wp\/v2\/posts\/6596\/revisions"}],"predecessor-version":[{"id":6597,"href":"https:\/\/conurbanodiario.com.ar\/index.php?rest_route=\/wp\/v2\/posts\/6596\/revisions\/6597"}],"wp:featuredmedia":[{"embeddable":true,"href":"https:\/\/conurbanodiario.com.ar\/index.php?rest_route=\/wp\/v2\/media\/59656"}],"wp:attachment":[{"href":"https:\/\/conurbanodiario.com.ar\/index.php?rest_route=%2Fwp%2Fv2%2Fmedia&parent=6596"}],"wp:term":[{"taxonomy":"category","embeddable":true,"href":"https:\/\/conurbanodiario.com.ar\/index.php?rest_route=%2Fwp%2Fv2%2Fcategories&post=6596"},{"taxonomy":"post_tag","embeddable":true,"href":"https:\/\/conurbanodiario.com.ar\/index.php?rest_route=%2Fwp%2Fv2%2Ftags&post=6596"}],"curies":[{"name":"wp","href":"https:\/\/api.w.org\/{rel}","templated":true}]}}