{"id":6591,"date":"2020-07-23T07:53:09","date_gmt":"2020-07-23T10:53:09","guid":{"rendered":"http:\/\/conurbanodiario.com.ar\/?p=6591"},"modified":"2020-07-29T12:35:10","modified_gmt":"2020-07-29T15:35:10","slug":"detienen-a-un-tercer-sospechoso-del-asalto-a-la-casa-del-jubilado-en-quilmes","status":"publish","type":"post","link":"https:\/\/conurbanodiario.com.ar\/?p=6591","title":{"rendered":"DETIENEN A UN TERCER SOSPECHOSO DEL ASALTO A LA CASA DEL JUBILADO EN QUILMES"},"content":{"rendered":"\n<p>Un tercer sospechoso del asalto cometido en la casa del jubilado Jorge R\u00edos en Quilmes fue detenido hoy en la villa La Vera, informaron fuentes policiales.<\/p>\n\n\n\n<p>Tras este arresto, s\u00f3lo queda un pr\u00f3fugo de la banda de cinco ladrones a la que se le atribuye el asalto, ya que otros dos fueron detenidos en los \u00faltimos d\u00edas y un restante muri\u00f3 baleado por el jubilado el mismo d\u00eda del hecho.<\/p>\n\n\n\n<p>El nuevo detenido fue identificado por los voceros como Daniel Ezequiel C\u00f3rdoba (25), quien fue apresado por efectivos de la Delegaci\u00f3n Departamental de Investigaciones (DDI) de Quilmes, en las calles 1428 y 1425, de la villa La Vera.<\/p>\n\n\n\n<p>De acuerdo con los investigadores, el propio sospechoso hab\u00eda comentado entre sus allegados y en el barrio sobre su participaci\u00f3n en el asalto a la casa del jubilado.<\/p>\n\n\n\n<p>Los informantes indicaron que el apresado fue trasladado a la sede de la DDI y puesto a disposici\u00f3n del fiscal Ariel Rivas, de la UFI 1 de Quilmes, quien lleva adelante la causa.<\/p>\n\n\n\n<p>Por el asalto a la casa del jubilado ya se encuentran detenidos Cristian Chiara (23) Mart\u00edn Ariel Salto (27), quienes ser\u00e1n indagados durante esta jornada.<\/p>\n\n\n\n<p>En tanto, la polic\u00eda contin\u00faa con la b\u00fasqueda de un pr\u00f3fugo con antecedentes penales y que, en abril pasado, sali\u00f3 de un penal bajo libertad condicional en el marco de un habeas corpus colectivo que permiti\u00f3 flexibilizar la salida de presos bonaerense por la pandemia del coronavirus.<\/p>\n\n\n\n<p>El hecho ocurri\u00f3 el 17 de este mes, cerca de las 5, cinco ladrones ingresaron por tercera vez en la misma noche a robar a la vivienda de R\u00edos, ubicada Ayolas al 2700, en Quilmes Oeste.<\/p>\n\n\n\n<p>El jubilado fue sorprendido mientras dorm\u00eda y fue golpeado e intimidado por los asaltantes con un destornillador mientras le exig\u00edan dinero, por lo que extrajo una pistola Bersa Thunder calibre 9 mil\u00edmetros y les efectu\u00f3 al menos seis disparos que los hizo huir.<\/p>\n\n\n\n<p>En las im\u00e1genes de las c\u00e1maras de seguridad se ve que uno de los ladrones, luego identificado como Franco Mart\u00edn Moreyra (26), qued\u00f3 rezagado del resto de la banda porque estaba herido en un tobillo y trat\u00f3 de huir renguenado hasta que cay\u00f3 a la vuelta de la esquina.<\/p>\n\n\n\n<p>En los mismos videos se ve que R\u00edos sali\u00f3 armado de su casa y alcanz\u00f3 a Moreyra, y lo pate\u00f3 y revis\u00f3.<\/p>\n\n\n\n<p>Si bien en la filmaci\u00f3n no se observa a simple vista ning\u00fan fogonazo por la mala calidad de la imagen, la fiscal\u00eda cree que en ese sitio, a 60 metros de su casa y cuando Moreyra ya no representaba ning\u00fan peligro, el jubilado lo remat\u00f3.<\/p>\n\n\n\n<p>Tras permanecer detenido, R\u00edos fue beneficiado con un arresto domiciliario, aunque sigue acusado por \u00abhomicidio agravado por el uso de arma de fuego\u00bb, un delito que prev\u00e9 una pena de 10 a 25 a\u00f1os de prisi\u00f3n.<\/p>\n","protected":false},"excerpt":{"rendered":"<p>Un tercer sospechoso del asalto cometido en la casa del jubilado Jorge R\u00edos en Quilmes&#8230;<\/p>\n","protected":false},"author":1,"featured_media":59656,"comment_status":"open","ping_status":"open","sticky":false,"template":"","format":"standard","meta":{"footnotes":""},"categories":[10],"tags":[],"class_list":["post-6591","post","type-post","status-publish","format-standard","has-post-thumbnail","hentry","category-seguridad"],"_links":{"self":[{"href":"https:\/\/conurbanodiario.com.ar\/index.php?rest_route=\/wp\/v2\/posts\/6591","targetHints":{"allow":["GET"]}}],"collection":[{"href":"https:\/\/conurbanodiario.com.ar\/index.php?rest_route=\/wp\/v2\/posts"}],"about":[{"href":"https:\/\/conurbanodiario.com.ar\/index.php?rest_route=\/wp\/v2\/types\/post"}],"author":[{"embeddable":true,"href":"https:\/\/conurbanodiario.com.ar\/index.php?rest_route=\/wp\/v2\/users\/1"}],"replies":[{"embeddable":true,"href":"https:\/\/conurbanodiario.com.ar\/index.php?rest_route=%2Fwp%2Fv2%2Fcomments&post=6591"}],"version-history":[{"count":2,"href":"https:\/\/conurbanodiario.com.ar\/index.php?rest_route=\/wp\/v2\/posts\/6591\/revisions"}],"predecessor-version":[{"id":6599,"href":"https:\/\/conurbanodiario.com.ar\/index.php?rest_route=\/wp\/v2\/posts\/6591\/revisions\/6599"}],"wp:featuredmedia":[{"embeddable":true,"href":"https:\/\/conurbanodiario.com.ar\/index.php?rest_route=\/wp\/v2\/media\/59656"}],"wp:attachment":[{"href":"https:\/\/conurbanodiario.com.ar\/index.php?rest_route=%2Fwp%2Fv2%2Fmedia&parent=6591"}],"wp:term":[{"taxonomy":"category","embeddable":true,"href":"https:\/\/conurbanodiario.com.ar\/index.php?rest_route=%2Fwp%2Fv2%2Fcategories&post=6591"},{"taxonomy":"post_tag","embeddable":true,"href":"https:\/\/conurbanodiario.com.ar\/index.php?rest_route=%2Fwp%2Fv2%2Ftags&post=6591"}],"curies":[{"name":"wp","href":"https:\/\/api.w.org\/{rel}","templated":true}]}}