{"id":6582,"date":"2020-07-24T03:05:00","date_gmt":"2020-07-24T06:05:00","guid":{"rendered":"http:\/\/conurbanodiario.com.ar\/?p=6582"},"modified":"2020-07-23T07:24:10","modified_gmt":"2020-07-23T10:24:10","slug":"vacaciones-de-invierno-en-casa-juguemos-a-ser-cientificos","status":"publish","type":"post","link":"https:\/\/conurbanodiario.com.ar\/?p=6582","title":{"rendered":"VACACIONES DE INVIERNO EN CASA: JUGUEMOS A SER CIENT\u00cdFICOS"},"content":{"rendered":"\n<p>El Municipio de Florencio Varela, a trav\u00e9s del Departamento de Educaci\u00f3n Inclusiva de la Secretar\u00eda de Educaci\u00f3n, prepar\u00f3 para este receso escolar una serie de actividades muy especiales: la posibilidad para los m\u00e1schicos de sentirse cient\u00edficos por un rato, una propuesta que les permitir\u00e1aprender y a la vez jugar y entretenerse. Este viernes 24 de julio estar\u00e1 disponible en las redes de la cartera municipal la primera publicaci\u00f3ndel <em>\u201cLaboratorio Sensorial\u201d<\/em>.<\/p>\n\n\n\n<p>La tem\u00e1tica de esta semana se define como \u201cExperiencias\u201d y consiste en tres proyectos diferentes con el fin de explorar los cambios de la materia, de una manera distinta y divertida en familia.<\/p>\n\n\n\n<p>El primero de los experimentos <em>\u201c\u00bfInflamos un globo?\u201d <\/em>permitir\u00e1 ver como es el pasaje del estado l\u00edquido al gaseoso.&nbsp; Para el mismo se necesitar\u00e1 un globo, una cuchara, una botella de pl\u00e1stico, bicarbonato de sodio, vinagre y un embudo. Los ni\u00f1os podr\u00e1n jugar a inflar al globo pero no de la manera tradicional, infl\u00e1ndolo con nuestro aire, sino de otra manera, mucho m\u00e1s original.<\/p>\n\n\n\n<p>Para la segunda&nbsp; experiencia <em>\u201cFluido no newtoniano: masa que fluye\u201d<\/em>, los materiales requeridos son agua, f\u00e9cula de ma\u00edz, recipiente, cuchara y colorante. Los peque\u00f1os cient\u00edficos podr\u00e1n jugar a moldear r\u00e1pidamente una bola para que no se deshaga y comprobar c\u00f3mo al parar la sustancia se \u00abderrite\u00bb entre nuestros dedos.<\/p>\n\n\n\n<p>Finalmente, en la \u00faltima actividad se construir\u00e1 una <em>\u201cL\u00e1mpara de lava\u201d<\/em> para la cual se precisar\u00e1n&nbsp; envases de pl\u00e1stico o vidrio con tapa, aceite, colorante de alimentos, pastillas efervescentes, agua y embudo. Con ella, podr\u00e1n comprobar que hay l\u00edquidos que no se unen.<\/p>\n\n\n\n<p>Todos estos videos podr\u00e1n ser vistos a trav\u00e9s de <a href=\"https:\/\/www.facebook.com\/secretariadeeducacionfv\">https:\/\/www.facebook.com\/secretariadeeducacionfv<\/a> y <a href=\"https:\/\/www.instagram.com\/secretariadeeducacionfv\/\">https:\/\/www.instagram.com\/secretariadeeducacionfv\/<\/a>.<\/p>\n\n\n\n<p>Asimismo, m\u00e1s propuestas y actividades deportivas, culturales, recreativas, educativas y art\u00edsticas pueden consultarse en <a href=\"http:\/\/www.varela.gov.ar\/quedateencasa\">http:\/\/www.varela.gov.ar\/quedateencasa<\/a><\/p>\n\n\n\n<p>De esta manera, con una nutrida agenda de actividades, la Comuna invita a los ni\u00f1os y ni\u00f1as a compartir un divertido momento en familia. Las iniciativas para estas vacaciones de invierno en casa buscan acompa\u00f1ar a los m\u00e1s peque\u00f1os en esta situaci\u00f3n extraordinaria que es pasar el receso escolar dentro de los hogares.<\/p>\n","protected":false},"excerpt":{"rendered":"<p>El Municipio de Florencio Varela, a trav\u00e9s del Departamento de Educaci\u00f3n Inclusiva de la Secretar\u00eda&#8230;<\/p>\n","protected":false},"author":1,"featured_media":59656,"comment_status":"open","ping_status":"open","sticky":false,"template":"","format":"standard","meta":{"footnotes":""},"categories":[8],"tags":[],"class_list":["post-6582","post","type-post","status-publish","format-standard","has-post-thumbnail","hentry","category-cultura"],"_links":{"self":[{"href":"https:\/\/conurbanodiario.com.ar\/index.php?rest_route=\/wp\/v2\/posts\/6582","targetHints":{"allow":["GET"]}}],"collection":[{"href":"https:\/\/conurbanodiario.com.ar\/index.php?rest_route=\/wp\/v2\/posts"}],"about":[{"href":"https:\/\/conurbanodiario.com.ar\/index.php?rest_route=\/wp\/v2\/types\/post"}],"author":[{"embeddable":true,"href":"https:\/\/conurbanodiario.com.ar\/index.php?rest_route=\/wp\/v2\/users\/1"}],"replies":[{"embeddable":true,"href":"https:\/\/conurbanodiario.com.ar\/index.php?rest_route=%2Fwp%2Fv2%2Fcomments&post=6582"}],"version-history":[{"count":1,"href":"https:\/\/conurbanodiario.com.ar\/index.php?rest_route=\/wp\/v2\/posts\/6582\/revisions"}],"predecessor-version":[{"id":6584,"href":"https:\/\/conurbanodiario.com.ar\/index.php?rest_route=\/wp\/v2\/posts\/6582\/revisions\/6584"}],"wp:featuredmedia":[{"embeddable":true,"href":"https:\/\/conurbanodiario.com.ar\/index.php?rest_route=\/wp\/v2\/media\/59656"}],"wp:attachment":[{"href":"https:\/\/conurbanodiario.com.ar\/index.php?rest_route=%2Fwp%2Fv2%2Fmedia&parent=6582"}],"wp:term":[{"taxonomy":"category","embeddable":true,"href":"https:\/\/conurbanodiario.com.ar\/index.php?rest_route=%2Fwp%2Fv2%2Fcategories&post=6582"},{"taxonomy":"post_tag","embeddable":true,"href":"https:\/\/conurbanodiario.com.ar\/index.php?rest_route=%2Fwp%2Fv2%2Ftags&post=6582"}],"curies":[{"name":"wp","href":"https:\/\/api.w.org\/{rel}","templated":true}]}}