{"id":6568,"date":"2020-07-24T03:09:00","date_gmt":"2020-07-24T06:09:00","guid":{"rendered":"http:\/\/conurbanodiario.com.ar\/?p=6568"},"modified":"2020-07-23T06:37:38","modified_gmt":"2020-07-23T09:37:38","slug":"estudiantes-celebrara-su-nuevo-aniversario-con-la-noche-de-las-ollas-populares","status":"publish","type":"post","link":"https:\/\/conurbanodiario.com.ar\/?p=6568","title":{"rendered":"ESTUDIANTES CELEBRAR\u00c1 SU NUEVO ANIVERSARIO CON LA \u00abNOCHE DE LAS OLLAS POPULARES\u00bb"},"content":{"rendered":"\n<p>Estudiantes de La Plata celebrar\u00e1 su 115 aniversario el martes 4 de agosto de una manera solidaria y en ese sentido comenz\u00f3 a organizar &#8216;La Noche de las ollas populares\u00bb, a trav\u00e9s de su Fundaci\u00f3n en conjunto con agrupaciones y filiales en el marco del aislamiento social, obligatorio y preventivo por la pandemia del coronavirus.<\/p>\n\n\n\n<p>La jornada se realizar\u00e1 en distintos barrios populares de la ciudad y estar\u00e1n presentes las agrupaciones \u00abPinchas Solidarios\u00bb, \u00abSembrando Pincher\u00edo\u00bb, \u00abGuardianes del Country\u00bb, \u00abColectivo Cultural Alejandro Sabella\u00bb, la Subsecretar\u00eda de G\u00e9nero del club, \u00abPinchas Feministas\u00bb, miembros del programa \u00abAc\u00e1 Hay Una Escuela\u00bb y representantes de los deportes amateurs.<\/p>\n\n\n\n<p>Las filiales, por su parte, har\u00e1n lo mismo en distintos puntos del pa\u00eds y la idea es poder alcanzar un plato caliente como guisos, polenta, locros y puchero en los distintos lugares de acci\u00f3n.<\/p>\n\n\n\n<p>Para coordinar la participaci\u00f3n de los distintos hinchas y simpatizantes y las donaciones y el trabajo, se debe enviar un mensaje al instagram de la Fundaci\u00f3n Estudiantes, que preside Daniel Cajade.<\/p>\n","protected":false},"excerpt":{"rendered":"<p>Estudiantes de La Plata celebrar\u00e1 su 115 aniversario el martes 4 de agosto de una&#8230;<\/p>\n","protected":false},"author":1,"featured_media":59656,"comment_status":"open","ping_status":"open","sticky":false,"template":"","format":"standard","meta":{"footnotes":""},"categories":[32],"tags":[],"class_list":["post-6568","post","type-post","status-publish","format-standard","has-post-thumbnail","hentry","category-deportes"],"_links":{"self":[{"href":"https:\/\/conurbanodiario.com.ar\/index.php?rest_route=\/wp\/v2\/posts\/6568","targetHints":{"allow":["GET"]}}],"collection":[{"href":"https:\/\/conurbanodiario.com.ar\/index.php?rest_route=\/wp\/v2\/posts"}],"about":[{"href":"https:\/\/conurbanodiario.com.ar\/index.php?rest_route=\/wp\/v2\/types\/post"}],"author":[{"embeddable":true,"href":"https:\/\/conurbanodiario.com.ar\/index.php?rest_route=\/wp\/v2\/users\/1"}],"replies":[{"embeddable":true,"href":"https:\/\/conurbanodiario.com.ar\/index.php?rest_route=%2Fwp%2Fv2%2Fcomments&post=6568"}],"version-history":[{"count":1,"href":"https:\/\/conurbanodiario.com.ar\/index.php?rest_route=\/wp\/v2\/posts\/6568\/revisions"}],"predecessor-version":[{"id":6570,"href":"https:\/\/conurbanodiario.com.ar\/index.php?rest_route=\/wp\/v2\/posts\/6568\/revisions\/6570"}],"wp:featuredmedia":[{"embeddable":true,"href":"https:\/\/conurbanodiario.com.ar\/index.php?rest_route=\/wp\/v2\/media\/59656"}],"wp:attachment":[{"href":"https:\/\/conurbanodiario.com.ar\/index.php?rest_route=%2Fwp%2Fv2%2Fmedia&parent=6568"}],"wp:term":[{"taxonomy":"category","embeddable":true,"href":"https:\/\/conurbanodiario.com.ar\/index.php?rest_route=%2Fwp%2Fv2%2Fcategories&post=6568"},{"taxonomy":"post_tag","embeddable":true,"href":"https:\/\/conurbanodiario.com.ar\/index.php?rest_route=%2Fwp%2Fv2%2Ftags&post=6568"}],"curies":[{"name":"wp","href":"https:\/\/api.w.org\/{rel}","templated":true}]}}