{"id":65472,"date":"2023-08-30T04:04:55","date_gmt":"2023-08-30T07:04:55","guid":{"rendered":"https:\/\/conurbanodiario.com.ar\/?p=65472"},"modified":"2023-08-30T04:06:56","modified_gmt":"2023-08-30T07:06:56","slug":"varela-jornada-de-alimentacion-saludable-en-santa-rosa","status":"publish","type":"post","link":"https:\/\/conurbanodiario.com.ar\/?p=65472","title":{"rendered":"VARELA: JORNADA DE ALIMENTACI\u00d3N SALUDABLE EN SANTA ROSA"},"content":{"rendered":"\n<p>Con acceso libre y gratuito, el Municipio programa un encuentro destinado a j\u00f3venes con el fin de fomentar h\u00e1bitos para una dieta equilibrada este mi\u00e9rcoles 30 de agosto a las 14 hs. en el Centro de Atenci\u00f3n Primaria de la Salud ubicado en Bucarest, entre Alemania y Caferatta.<\/p>\n\n\n\n<p>Al respecto, la coordinadora del Departamento de Alimentaci\u00f3n Saludable comunal -Carla Mora- detalla: \u201cEs importante que los y las adolescentes incorporen conocimientos para reconocer la variedad de bienes con beneficios en un organismo sano\u201d.<\/p>\n\n\n\n<p>\u201cEst\u00e1 demostrado que una adecuada nutrici\u00f3n previene enfermedades como la obesidad, la hipertensi\u00f3n, patolog\u00edas cardiovasculares, diabetes, anemia, entre otras\u201d, remarca.<\/p>\n\n\n\n<p>Suspender\u00e1n la fecha por condiciones clim\u00e1ticas desfavorables.<\/p>\n","protected":false},"excerpt":{"rendered":"<p>Con acceso libre y gratuito, el Municipio programa un encuentro destinado a j\u00f3venes con el&#8230;<\/p>\n","protected":false},"author":1,"featured_media":59656,"comment_status":"closed","ping_status":"closed","sticky":false,"template":"","format":"standard","meta":{"footnotes":""},"categories":[31],"tags":[],"class_list":["post-65472","post","type-post","status-publish","format-standard","has-post-thumbnail","hentry","category-salud"],"_links":{"self":[{"href":"https:\/\/conurbanodiario.com.ar\/index.php?rest_route=\/wp\/v2\/posts\/65472","targetHints":{"allow":["GET"]}}],"collection":[{"href":"https:\/\/conurbanodiario.com.ar\/index.php?rest_route=\/wp\/v2\/posts"}],"about":[{"href":"https:\/\/conurbanodiario.com.ar\/index.php?rest_route=\/wp\/v2\/types\/post"}],"author":[{"embeddable":true,"href":"https:\/\/conurbanodiario.com.ar\/index.php?rest_route=\/wp\/v2\/users\/1"}],"replies":[{"embeddable":true,"href":"https:\/\/conurbanodiario.com.ar\/index.php?rest_route=%2Fwp%2Fv2%2Fcomments&post=65472"}],"version-history":[{"count":1,"href":"https:\/\/conurbanodiario.com.ar\/index.php?rest_route=\/wp\/v2\/posts\/65472\/revisions"}],"predecessor-version":[{"id":65474,"href":"https:\/\/conurbanodiario.com.ar\/index.php?rest_route=\/wp\/v2\/posts\/65472\/revisions\/65474"}],"wp:featuredmedia":[{"embeddable":true,"href":"https:\/\/conurbanodiario.com.ar\/index.php?rest_route=\/wp\/v2\/media\/59656"}],"wp:attachment":[{"href":"https:\/\/conurbanodiario.com.ar\/index.php?rest_route=%2Fwp%2Fv2%2Fmedia&parent=65472"}],"wp:term":[{"taxonomy":"category","embeddable":true,"href":"https:\/\/conurbanodiario.com.ar\/index.php?rest_route=%2Fwp%2Fv2%2Fcategories&post=65472"},{"taxonomy":"post_tag","embeddable":true,"href":"https:\/\/conurbanodiario.com.ar\/index.php?rest_route=%2Fwp%2Fv2%2Ftags&post=65472"}],"curies":[{"name":"wp","href":"https:\/\/api.w.org\/{rel}","templated":true}]}}