{"id":65327,"date":"2023-08-31T01:05:00","date_gmt":"2023-08-31T04:05:00","guid":{"rendered":"https:\/\/conurbanodiario.com.ar\/?p=65327"},"modified":"2023-09-01T09:13:57","modified_gmt":"2023-09-01T12:13:57","slug":"la-diocesis-de-quilmes-participo-del-encuentro-nacional-de-ecumenismo","status":"publish","type":"post","link":"https:\/\/conurbanodiario.com.ar\/?p=65327","title":{"rendered":"LA DI\u00d3CESIS DE QUILMES PARTICIP\u00d3 DEL ENCUENTRO NACIONAL DE ECUMENISMO"},"content":{"rendered":"\n<p>La Di\u00f3cesis de Quilmes particip\u00f3 en el&nbsp;<strong>Encuentro Nacional de Delegados de Ecumenismo y Di\u00e1logo Interreligioso Organizado<\/strong>&nbsp;(ENDEDIO), que se celebr\u00f3 en Rosario, provincia de Santa Fe, desde el viernes 25 al domingo 27 de agosto. Se trat\u00f3 de un espacio de encuentro, estudio y reflexi\u00f3n organizado por la Comisi\u00f3n Episcopal de Ecumenismo, relaciones con el Juda\u00edsmo, el Islam y las religiones (CEERJIR) de la Conferencia Episcopal Argentina (CEA).&nbsp;<\/p>\n\n\n\n<p>En el ENEDIO participaron obispos, sacerdotes, di\u00e1conos, religiosas y laicos de las Comisiones diocesanas e instituciones y movimientos de las distintas Iglesias particulares del pa\u00eds con el prop\u00f3sito de poner en com\u00fan el camino realizado, asumir los nuevos desaf\u00edos y renovar el compromiso de hacer concreta la llamada de Jes\u00fas<em>&nbsp;\u00ab\u00a1Que todos sean uno!\u00bb<\/em>&nbsp;(Jn 17,21).&nbsp;<\/p>\n\n\n\n<p>Monse\u00f1or Pedro Javier Torres, Obispo de Rafaela y presidente de CEERJIER, tuvo a su cargo la disertaci\u00f3n&nbsp;<em>\u201cSantidad y Di\u00e1logo desde la Exhortaci\u00f3n Apost\u00f3lica Gaudete et Exsultate\u201d<\/em>, y la&nbsp;<em>\u201cPresentaci\u00f3n del Directorio Ecum\u00e9nico\u201d<\/em>. Mientras que la Dra. Cecilia In\u00e9s Venatti de Palumbo, doctora en Letras y directora del Seminario Interdisciplinario Permanente de Literatura, Est\u00e9tica y Teolog\u00eda, de la Facultad de Teolog\u00eda de la Universidad Cat\u00f3lica Argentina, present\u00f3 el tema&nbsp;<em>\u201cSantidad y Di\u00e1logo a la luz de la experiencia de los monjes m\u00e1rtires de Argelia\u201d<\/em>.<\/p>\n\n\n\n<p>Adem\u00e1s, el encuentro cont\u00f3 con la presencia del Padre Obispo Ernesto Fern\u00e1ndez, auxiliar de la arquidi\u00f3cesis de Rosario, que presidi\u00f3 la celebraci\u00f3n de la Eucarist\u00eda incial. La Di\u00f3cesis de Quilmes estuvo representada por M\u00f3nica Gangemi, Gast\u00f3n Lebrero y Sebasti\u00e1n Arriola.<\/p>\n","protected":false},"excerpt":{"rendered":"<p>La Di\u00f3cesis de Quilmes particip\u00f3 en el&nbsp;Encuentro Nacional de Delegados de Ecumenismo y Di\u00e1logo Interreligioso&#8230;<\/p>\n","protected":false},"author":1,"featured_media":59656,"comment_status":"closed","ping_status":"closed","sticky":false,"template":"","format":"standard","meta":{"footnotes":""},"categories":[3],"tags":[],"class_list":["post-65327","post","type-post","status-publish","format-standard","has-post-thumbnail","hentry","category-informacion-general"],"_links":{"self":[{"href":"https:\/\/conurbanodiario.com.ar\/index.php?rest_route=\/wp\/v2\/posts\/65327","targetHints":{"allow":["GET"]}}],"collection":[{"href":"https:\/\/conurbanodiario.com.ar\/index.php?rest_route=\/wp\/v2\/posts"}],"about":[{"href":"https:\/\/conurbanodiario.com.ar\/index.php?rest_route=\/wp\/v2\/types\/post"}],"author":[{"embeddable":true,"href":"https:\/\/conurbanodiario.com.ar\/index.php?rest_route=\/wp\/v2\/users\/1"}],"replies":[{"embeddable":true,"href":"https:\/\/conurbanodiario.com.ar\/index.php?rest_route=%2Fwp%2Fv2%2Fcomments&post=65327"}],"version-history":[{"count":1,"href":"https:\/\/conurbanodiario.com.ar\/index.php?rest_route=\/wp\/v2\/posts\/65327\/revisions"}],"predecessor-version":[{"id":65329,"href":"https:\/\/conurbanodiario.com.ar\/index.php?rest_route=\/wp\/v2\/posts\/65327\/revisions\/65329"}],"wp:featuredmedia":[{"embeddable":true,"href":"https:\/\/conurbanodiario.com.ar\/index.php?rest_route=\/wp\/v2\/media\/59656"}],"wp:attachment":[{"href":"https:\/\/conurbanodiario.com.ar\/index.php?rest_route=%2Fwp%2Fv2%2Fmedia&parent=65327"}],"wp:term":[{"taxonomy":"category","embeddable":true,"href":"https:\/\/conurbanodiario.com.ar\/index.php?rest_route=%2Fwp%2Fv2%2Fcategories&post=65327"},{"taxonomy":"post_tag","embeddable":true,"href":"https:\/\/conurbanodiario.com.ar\/index.php?rest_route=%2Fwp%2Fv2%2Ftags&post=65327"}],"curies":[{"name":"wp","href":"https:\/\/api.w.org\/{rel}","templated":true}]}}