{"id":65323,"date":"2023-08-28T01:00:00","date_gmt":"2023-08-28T04:00:00","guid":{"rendered":"https:\/\/conurbanodiario.com.ar\/?p=65323"},"modified":"2023-08-28T01:41:00","modified_gmt":"2023-08-28T04:41:00","slug":"el-cervecero-perdio-ante-deportivo-maipu","status":"publish","type":"post","link":"https:\/\/conurbanodiario.com.ar\/?p=65323","title":{"rendered":"EL CERVECERO PERDI\u00d3 ANTE DEPORTIVO MAIP\u00da"},"content":{"rendered":"\n<p>Quilmes cay\u00f3 ayer domingo en Mendoza por 1 a 0 ante Deportivo Maip\u00fa, en un encuentro correspondiente a la 27\u00aa fecha de la Zona B de la Primera Nacional.<\/p>\n\n\n\n<p>El \u00fanico gol del partido, que se disput\u00f3 en el Estadio Omar Higinio Sperdutti, fue convertido por Ezequiel Almir\u00f3n a los 27 minutos del primer tiempo.<\/p>\n\n\n\n<p>El equipo de Sciacqua jug\u00f3 un muy buen segundo tiempo y mereci\u00f3 claramente el empate, pero la falta de punter\u00eda de Anselmo y un pol\u00e9mico \u201coff-side\u201d cobrado en el \u00faltimo minuto del partido privaron al QAC de, al menos, traerse un punto desde Mendoza.<\/p>\n\n\n\n<p>En la pr\u00f3xima fecha, los dirigidos por Mario Sciacqua recibir\u00e1n a Independiente Rivadavia de Mendoza en el estadio Centenerio. Dicho cotejo se disputar\u00e1 el s\u00e1bado pr\u00f3ximo a las 19.10.<\/p>\n","protected":false},"excerpt":{"rendered":"<p>Quilmes cay\u00f3 ayer domingo en Mendoza por 1 a 0 ante Deportivo Maip\u00fa, en un&#8230;<\/p>\n","protected":false},"author":1,"featured_media":59656,"comment_status":"closed","ping_status":"closed","sticky":false,"template":"","format":"standard","meta":{"footnotes":""},"categories":[1,32],"tags":[],"class_list":["post-65323","post","type-post","status-publish","format-standard","has-post-thumbnail","hentry","category-noticia-del-dia","category-deportes"],"_links":{"self":[{"href":"https:\/\/conurbanodiario.com.ar\/index.php?rest_route=\/wp\/v2\/posts\/65323","targetHints":{"allow":["GET"]}}],"collection":[{"href":"https:\/\/conurbanodiario.com.ar\/index.php?rest_route=\/wp\/v2\/posts"}],"about":[{"href":"https:\/\/conurbanodiario.com.ar\/index.php?rest_route=\/wp\/v2\/types\/post"}],"author":[{"embeddable":true,"href":"https:\/\/conurbanodiario.com.ar\/index.php?rest_route=\/wp\/v2\/users\/1"}],"replies":[{"embeddable":true,"href":"https:\/\/conurbanodiario.com.ar\/index.php?rest_route=%2Fwp%2Fv2%2Fcomments&post=65323"}],"version-history":[{"count":1,"href":"https:\/\/conurbanodiario.com.ar\/index.php?rest_route=\/wp\/v2\/posts\/65323\/revisions"}],"predecessor-version":[{"id":65324,"href":"https:\/\/conurbanodiario.com.ar\/index.php?rest_route=\/wp\/v2\/posts\/65323\/revisions\/65324"}],"wp:featuredmedia":[{"embeddable":true,"href":"https:\/\/conurbanodiario.com.ar\/index.php?rest_route=\/wp\/v2\/media\/59656"}],"wp:attachment":[{"href":"https:\/\/conurbanodiario.com.ar\/index.php?rest_route=%2Fwp%2Fv2%2Fmedia&parent=65323"}],"wp:term":[{"taxonomy":"category","embeddable":true,"href":"https:\/\/conurbanodiario.com.ar\/index.php?rest_route=%2Fwp%2Fv2%2Fcategories&post=65323"},{"taxonomy":"post_tag","embeddable":true,"href":"https:\/\/conurbanodiario.com.ar\/index.php?rest_route=%2Fwp%2Fv2%2Ftags&post=65323"}],"curies":[{"name":"wp","href":"https:\/\/api.w.org\/{rel}","templated":true}]}}