{"id":65310,"date":"2023-08-28T01:05:00","date_gmt":"2023-08-28T04:05:00","guid":{"rendered":"https:\/\/conurbanodiario.com.ar\/?p=65310"},"modified":"2023-08-28T01:04:40","modified_gmt":"2023-08-28T04:04:40","slug":"copa-buenos-aires-una-varelense-campeona-en-tenis-de-mesa","status":"publish","type":"post","link":"https:\/\/conurbanodiario.com.ar\/?p=65310","title":{"rendered":"COPA BUENOS AIRES: UNA VARELENSE CAMPEONA EN TENIS DE MESA"},"content":{"rendered":"\n<p>Silvia Boronat, residente en La Esmeralda, accedi\u00f3 a una plaza para disputar los Juegos Nacionales Evita 2023 tras ganar en el certamen provincial organizado en Villa Gesell.<\/p>\n\n\n\n<p>\u00abFue una experiencia gratificante porque, adem\u00e1s de clasificar al torneo federal, recorr\u00ed una ciudad que no conoc\u00eda\u00bb, explic\u00f3 la atleta.<\/p>\n\n\n\n<p>La jugadora agradeci\u00f3 a \u00ablas autoridades del distrito por el apoyo constante a la disciplina\u00bb y le dedic\u00f3 el logro a \u00abmis nietas, hijos y esposo\u00bb.<\/p>\n\n\n\n<p>La vecina revivi\u00f3 \u00abla victoria en la final contra la representante de Vicente L\u00f3pez por 3 sets a 1 en un partido que comenz\u00f3 complejo\u00bb.<\/p>\n\n\n\n<p>Analiz\u00f3 \u00abel crecimiento en el rendimiento de todas las competidoras. Los encuentros estuvieron muy re\u00f1idos\u00bb.<\/p>\n\n\n\n<p>Boronat celebr\u00f3 \u00abla gran camarader\u00eda con los y las dem\u00e1s integrantes de la delegaci\u00f3n local: siempre nos alentamos para cumplir los objetivos estipulados\u00bb.<\/p>\n","protected":false},"excerpt":{"rendered":"<p>Silvia Boronat, residente en La Esmeralda, accedi\u00f3 a una plaza para disputar los Juegos Nacionales&#8230;<\/p>\n","protected":false},"author":1,"featured_media":59656,"comment_status":"closed","ping_status":"closed","sticky":false,"template":"","format":"standard","meta":{"footnotes":""},"categories":[32],"tags":[],"class_list":["post-65310","post","type-post","status-publish","format-standard","has-post-thumbnail","hentry","category-deportes"],"_links":{"self":[{"href":"https:\/\/conurbanodiario.com.ar\/index.php?rest_route=\/wp\/v2\/posts\/65310","targetHints":{"allow":["GET"]}}],"collection":[{"href":"https:\/\/conurbanodiario.com.ar\/index.php?rest_route=\/wp\/v2\/posts"}],"about":[{"href":"https:\/\/conurbanodiario.com.ar\/index.php?rest_route=\/wp\/v2\/types\/post"}],"author":[{"embeddable":true,"href":"https:\/\/conurbanodiario.com.ar\/index.php?rest_route=\/wp\/v2\/users\/1"}],"replies":[{"embeddable":true,"href":"https:\/\/conurbanodiario.com.ar\/index.php?rest_route=%2Fwp%2Fv2%2Fcomments&post=65310"}],"version-history":[{"count":1,"href":"https:\/\/conurbanodiario.com.ar\/index.php?rest_route=\/wp\/v2\/posts\/65310\/revisions"}],"predecessor-version":[{"id":65312,"href":"https:\/\/conurbanodiario.com.ar\/index.php?rest_route=\/wp\/v2\/posts\/65310\/revisions\/65312"}],"wp:featuredmedia":[{"embeddable":true,"href":"https:\/\/conurbanodiario.com.ar\/index.php?rest_route=\/wp\/v2\/media\/59656"}],"wp:attachment":[{"href":"https:\/\/conurbanodiario.com.ar\/index.php?rest_route=%2Fwp%2Fv2%2Fmedia&parent=65310"}],"wp:term":[{"taxonomy":"category","embeddable":true,"href":"https:\/\/conurbanodiario.com.ar\/index.php?rest_route=%2Fwp%2Fv2%2Fcategories&post=65310"},{"taxonomy":"post_tag","embeddable":true,"href":"https:\/\/conurbanodiario.com.ar\/index.php?rest_route=%2Fwp%2Fv2%2Ftags&post=65310"}],"curies":[{"name":"wp","href":"https:\/\/api.w.org\/{rel}","templated":true}]}}