{"id":65291,"date":"2023-08-31T01:05:00","date_gmt":"2023-08-31T04:05:00","guid":{"rendered":"https:\/\/conurbanodiario.com.ar\/?p=65291"},"modified":"2023-09-01T09:13:57","modified_gmt":"2023-09-01T12:13:57","slug":"lujan-el-programa-huerta-en-casa-entregara-semillas-de-la-temporada-primavera-verano","status":"publish","type":"post","link":"https:\/\/conurbanodiario.com.ar\/?p=65291","title":{"rendered":"LUJ\u00c1N: EL PROGRAMA &#8220;HUERTA EN CASA&#8221; ENTREGAR\u00c1 SEMILLAS DE LA TEMPORADA PRIMAVERA- VERANO"},"content":{"rendered":"\n<p>En el marco del programa \u201cHuerta en Casa\u201d, el Municipio de Luj\u00e1n har\u00e1 entrega de semillas de la temporada primavera- verano para que los vecinos y vecinas de Luj\u00e1n puedan realizar su propia huerta agroecol\u00f3gica, buscando promover la soberan\u00eda alimentaria y el cultivo responsable en el distrito.<\/p>\n\n\n\n<p>En este sentido, las personas que ya cuentan o est\u00e1n por comenzar una huerta, podr\u00e1n solicitar las semillas inscribi\u00e9ndose en el siguiente enlace:&nbsp;<a href=\"https:\/\/bit.ly\/SolicitudSemillasPV2023\">https:\/\/bit.ly\/SolicitudSemillasPV2023<\/a><\/p>\n\n\n\n<p>Entrega de semillas para tu huerta agroecol\u00f3gica<\/p>\n\n\n\n<p>Desde el Programa Huerta en Casa de la Direcci\u00f3n de Gesti\u00f3n Agroalimentaria de la Municipalidad de Luj\u00e1n, est\u00e1n empezando a preparar las semillas municipales para entregar, para tu huerta agroecol\u00f3gica de primavera verano 2023. Este es un formulario para solicitarlas, est\u00e1 sujeto a la disponibilidad de las mismas. Es importante que agendes el n\u00famero de la Direcci\u00f3n: +54 9 2323 58-4573 (en el mensaje de confirmaci\u00f3n de inscripci\u00f3n te recordamos esto) porque sino no llegan los mensajes posteriores y el d\u00eda y horario de entrega ser\u00e1 informado v\u00eda whatsapp.<br>bit.ly<\/p>\n\n\n\n<p>Las semillas est\u00e1n sujetas a disponibilidad, por lo tanto, cada persona deber\u00e1 elegir las variedades teniendo en cuenta el espacio disponible y la experiencia previa en cultivos.<\/p>\n\n\n\n<p>Una vez inscriptos, los participantes recibir\u00e1n un mensaje de WhatsApp con la confirmaci\u00f3n de la inscripci\u00f3n, as\u00ed como la fecha y franja horaria en la cual podr\u00e1n retirar las semillas en la Secretar\u00eda de Desarrollo Productivo (Belgrano 1250). Durante la temporada, se llevar\u00e1n a cabo sucesivas fechas de entrega para asegurar la accesibilidad a todos los interesados.<\/p>\n\n\n\n<p>Cabe destacar que las semillas municipales han sido fraccionadas por medio de la colaboraci\u00f3n voluntaria de vecinos y vecinas de la ciudad, quienes han contribuido para lograr un mayor n\u00famero de huertas en la localidad.<\/p>\n\n\n\n<p>El Programa \u00abHuerta en Casa\u00bb tiene como objetivo promover la producci\u00f3n agroecol\u00f3gica de alimentos y el cultivo responsable, brindando asesoramiento y apoyo a la comunidad en el inicio de sus propias huertas.<\/p>\n\n\n\n<p>Ante dudas y consultas, o para recibir informaci\u00f3n acerca del Programa, las y los interesados podr\u00e1n comunicarse por WhatsApp al siguiente n\u00famero +54 9 2323 584573.<\/p>\n","protected":false},"excerpt":{"rendered":"<p>En el marco del programa \u201cHuerta en Casa\u201d, el Municipio de Luj\u00e1n har\u00e1 entrega de&#8230;<\/p>\n","protected":false},"author":1,"featured_media":59656,"comment_status":"closed","ping_status":"closed","sticky":false,"template":"","format":"standard","meta":{"footnotes":""},"categories":[28],"tags":[],"class_list":["post-65291","post","type-post","status-publish","format-standard","has-post-thumbnail","hentry","category-la-provincia"],"_links":{"self":[{"href":"https:\/\/conurbanodiario.com.ar\/index.php?rest_route=\/wp\/v2\/posts\/65291","targetHints":{"allow":["GET"]}}],"collection":[{"href":"https:\/\/conurbanodiario.com.ar\/index.php?rest_route=\/wp\/v2\/posts"}],"about":[{"href":"https:\/\/conurbanodiario.com.ar\/index.php?rest_route=\/wp\/v2\/types\/post"}],"author":[{"embeddable":true,"href":"https:\/\/conurbanodiario.com.ar\/index.php?rest_route=\/wp\/v2\/users\/1"}],"replies":[{"embeddable":true,"href":"https:\/\/conurbanodiario.com.ar\/index.php?rest_route=%2Fwp%2Fv2%2Fcomments&post=65291"}],"version-history":[{"count":2,"href":"https:\/\/conurbanodiario.com.ar\/index.php?rest_route=\/wp\/v2\/posts\/65291\/revisions"}],"predecessor-version":[{"id":65482,"href":"https:\/\/conurbanodiario.com.ar\/index.php?rest_route=\/wp\/v2\/posts\/65291\/revisions\/65482"}],"wp:featuredmedia":[{"embeddable":true,"href":"https:\/\/conurbanodiario.com.ar\/index.php?rest_route=\/wp\/v2\/media\/59656"}],"wp:attachment":[{"href":"https:\/\/conurbanodiario.com.ar\/index.php?rest_route=%2Fwp%2Fv2%2Fmedia&parent=65291"}],"wp:term":[{"taxonomy":"category","embeddable":true,"href":"https:\/\/conurbanodiario.com.ar\/index.php?rest_route=%2Fwp%2Fv2%2Fcategories&post=65291"},{"taxonomy":"post_tag","embeddable":true,"href":"https:\/\/conurbanodiario.com.ar\/index.php?rest_route=%2Fwp%2Fv2%2Ftags&post=65291"}],"curies":[{"name":"wp","href":"https:\/\/api.w.org\/{rel}","templated":true}]}}