{"id":65285,"date":"2023-08-28T01:02:00","date_gmt":"2023-08-28T04:02:00","guid":{"rendered":"https:\/\/conurbanodiario.com.ar\/?p=65285"},"modified":"2023-08-27T22:38:59","modified_gmt":"2023-08-28T01:38:59","slug":"mas-de-20-mil-varelenses-disfrutaron-el-festejo-central-por-el-dia-de-las-infancias","status":"publish","type":"post","link":"https:\/\/conurbanodiario.com.ar\/?p=65285","title":{"rendered":"M\u00c1S DE 20 MIL VARELENSES DISFRUTARON EL FESTEJO CENTRAL POR EL D\u00cdA DE LAS INFANCIAS"},"content":{"rendered":"\n<p>La Comuna reuni\u00f3 m\u00faltiples propuestas destinadas a las ni\u00f1eces en el predio situado sobre Thevenet, esquina Storni: esparcimiento, melod\u00edas de moda, expresiones art\u00edsticas en el escenario, gastronom\u00eda y stands para la producci\u00f3n local.<\/p>\n\n\n\n<p>El mandatario comunal, Andr\u00e9s Watson, comparti\u00f3 la tarde de ayer tanto con peque\u00f1os y peque\u00f1as como con adultos escoltas donde habl\u00f3 de \u00abtrabajar en sinton\u00eda para que las y los protagonistas disfrutaran diversas actividades, pero sobre todo, fuera respetado su derecho al juego\u00bb. Si bien, el Alcalde nucle\u00f3 \u00ablas iniciativas en un gran festejo abierto y gratuito\u00bb, acompa\u00f1\u00f3 \u00ablas celebraciones estipuladas en diferentes regiones\u00bb.<\/p>\n\n\n\n<p>Con el eje en el crecimiento de los ni\u00f1os y las ni\u00f1as de Florencio Varela, la m\u00e1xima autoridad en el distrito plante\u00f3, desde su gesti\u00f3n, \u00abuna estrategia centralizada en la escolarizaci\u00f3n y progreso cognitivo en los distintos jardines en construcci\u00f3n e incluso vincularse a la educaci\u00f3n desde temprana edad en los Centros de Desarrollo Infantil\u00bb durante una entrevista en la Radio Municipal.<\/p>\n\n\n\n<p>El secretario general de Gesti\u00f3n P\u00fablica, Christian Rodr\u00edguez, explic\u00f3 \u00abla coordinaci\u00f3n entre las carteras municipales a fin de distribuir los sectores para la interacci\u00f3n l\u00fadica, n\u00fameros musicales, exhibir programas como `Envi\u00f3n\u00b4 o `Progresar\u00b4 m\u00e1s entretenimientos\u00bb.<\/p>\n\n\n\n<p>Sobre este \u00faltimo aspecto, el titular en el \u00e1rea de Cultura, Deportes y Recreaci\u00f3n -Mauricio Rodr\u00edguez- indic\u00f3: \u00abReplicamos las funciones teatrales que fueron un \u00e9xito en vacaciones de invierno, como &#8216;Puerta 4&#8217;, &#8216;El Mago de Oz&#8217; o &#8216;Peter Pan'\u00bb. \u00abUna oferta de calidad para chicas, chicos, j\u00f3venes y m\u00e1s grandes tanto hoy -por ayer- como durante el mes\u00bb, sum\u00f3.<\/p>\n\n\n\n<p>Sobre el pasto, las mantas de colores abr\u00edan paso al picnic bajo un sol que subi\u00f3 la temperatura de un cl\u00e1sico domingo de invierno. Las y los presentes eleg\u00edan qu\u00e9 almorzar o con qu\u00e9 acompa\u00f1ar los mates. \u00bfDulce o salado? La respuesta la encontraron en las delicias presentadas por el emprendedurismo.<\/p>\n\n\n\n<p>\u00abVinimos con la familia desde Villa del Plata a distraernos y pasear. Nos toc\u00f3 un d\u00eda lindo\u00bb, narr\u00f3 Maximiliano sobre la jornada. Araceli, Ximena y Cristian hab\u00edan le\u00eddo tanto en los medios de comunicaci\u00f3n del partido como en el Facebook municipal la realizaci\u00f3n del evento. \u00abLlegamos a las 10 de la ma\u00f1ana para aprovechar todo. Muy bueno\u00bb, sintetiz\u00f3 el muchacho oriundo de La Capilla.<\/p>\n\n\n\n<p>\u00abNosotros nos acercamos en bicicleta. Excelente la planificaci\u00f3n y organizaci\u00f3n \u00ab, apreci\u00f3 Mar\u00eda del Carmen. Junto a su marido, eligieron desplazarse siempre en pedales, lo que les permiti\u00f3 hacerle una devoluci\u00f3n al Intendente. \u00abSolo le expresamos palabras de agradecimiento por la cantidad de obras en marcha\u00bb, manifest\u00f3 la se\u00f1ora a Andr\u00e9s Watson tras encontrarlo entre la gente. \u00abValoramos el espacio otorgado a los emprendedores como una oportunidad de mostrar lo suyo\u00bb, a\u00f1adi\u00f3.<\/p>\n\n\n\n<p>Antes de la puesta de sol y para cerrar el fin de semana, sortearon distintos premios. Entre los suertudos y las afortunadas, Leonardo calific\u00f3 con \u201c10 puntos\u201d a la festividad, mientras observaba la bici ganadora. A su lado, Paola subray\u00f3 \u00abla comida rica y barata, a buenos precios\u00bb.<\/p>\n","protected":false},"excerpt":{"rendered":"<p>La Comuna reuni\u00f3 m\u00faltiples propuestas destinadas a las ni\u00f1eces en el predio situado sobre Thevenet,&#8230;<\/p>\n","protected":false},"author":1,"featured_media":59656,"comment_status":"closed","ping_status":"closed","sticky":false,"template":"","format":"standard","meta":{"footnotes":""},"categories":[1,3],"tags":[],"class_list":["post-65285","post","type-post","status-publish","format-standard","has-post-thumbnail","hentry","category-noticia-del-dia","category-informacion-general"],"_links":{"self":[{"href":"https:\/\/conurbanodiario.com.ar\/index.php?rest_route=\/wp\/v2\/posts\/65285","targetHints":{"allow":["GET"]}}],"collection":[{"href":"https:\/\/conurbanodiario.com.ar\/index.php?rest_route=\/wp\/v2\/posts"}],"about":[{"href":"https:\/\/conurbanodiario.com.ar\/index.php?rest_route=\/wp\/v2\/types\/post"}],"author":[{"embeddable":true,"href":"https:\/\/conurbanodiario.com.ar\/index.php?rest_route=\/wp\/v2\/users\/1"}],"replies":[{"embeddable":true,"href":"https:\/\/conurbanodiario.com.ar\/index.php?rest_route=%2Fwp%2Fv2%2Fcomments&post=65285"}],"version-history":[{"count":1,"href":"https:\/\/conurbanodiario.com.ar\/index.php?rest_route=\/wp\/v2\/posts\/65285\/revisions"}],"predecessor-version":[{"id":65287,"href":"https:\/\/conurbanodiario.com.ar\/index.php?rest_route=\/wp\/v2\/posts\/65285\/revisions\/65287"}],"wp:featuredmedia":[{"embeddable":true,"href":"https:\/\/conurbanodiario.com.ar\/index.php?rest_route=\/wp\/v2\/media\/59656"}],"wp:attachment":[{"href":"https:\/\/conurbanodiario.com.ar\/index.php?rest_route=%2Fwp%2Fv2%2Fmedia&parent=65285"}],"wp:term":[{"taxonomy":"category","embeddable":true,"href":"https:\/\/conurbanodiario.com.ar\/index.php?rest_route=%2Fwp%2Fv2%2Fcategories&post=65285"},{"taxonomy":"post_tag","embeddable":true,"href":"https:\/\/conurbanodiario.com.ar\/index.php?rest_route=%2Fwp%2Fv2%2Ftags&post=65285"}],"curies":[{"name":"wp","href":"https:\/\/api.w.org\/{rel}","templated":true}]}}