{"id":65269,"date":"2023-08-28T01:03:00","date_gmt":"2023-08-28T04:03:00","guid":{"rendered":"https:\/\/conurbanodiario.com.ar\/?p=65269"},"modified":"2023-08-27T19:13:17","modified_gmt":"2023-08-27T22:13:17","slug":"mayra-cuenten-conmigo-para-seguir-trabajando-por-quilmes","status":"publish","type":"post","link":"https:\/\/conurbanodiario.com.ar\/?p=65269","title":{"rendered":"MAYRA: &#8220;CUENTEN CONMIGO PARA SEGUIR TRABAJANDO POR QUILMES&#8221;"},"content":{"rendered":"\n<p>La intendenta de Quilmes, Mayra Mendoza, acompa\u00f1\u00f3 ayer domingo los festejos por el 46\u00ba aniversario del Centro Tradicionalista El Fort\u00edn, ubicado en la avenida Italia y Alsina, en La Ribera de Quilmes, donde comparti\u00f3 un almuerzo criollo con sus integrantes y disfrut\u00f3 de los diversos shows que prepar\u00f3 la entidad especialmente para la ocasi\u00f3n. Luego se dirigi\u00f3 a San Francisco Solano, donde se llev\u00f3 a cabo una actividad por el D\u00eda de las Infancias, en la calle 838 y Donato \u00c1lvarez, en conjunto con el Rotary Club de la zona.<\/p>\n\n\n\n<p>\u201cCompartir este almuerzo de aniversario de una instituci\u00f3n ic\u00f3nica para nuestro municipio, adem\u00e1s de las ganas, es un deber por estos 46 a\u00f1os de historia y tambi\u00e9n de mucho futuro. Han pasado muchas generaciones por este lugar, hay tambi\u00e9n un compromiso de las nuevas generaciones de seguir trabajando y quiero que sepan que pueden contar con esta Intendenta\u201d, expres\u00f3 Mayra en El Fort\u00edn.<\/p>\n\n\n\n<p>En la misma l\u00ednea, sostuvo que \u201cquiero poder seguir teniendo el acompa\u00f1amiento de ustedes para continuar con este proyecto de trabajo que venimos llevando en Quilmes, que incluye a centros tradicionalistas y a cada una de las entidades. Cuenten conmigo para seguir trabajando por Quilmes que es lo que se necesita, hoy y siempre, con mucho compromiso y mucho amor\u201d.<\/p>\n\n\n\n<p>Durante el festejo, la Jefa comunal convers\u00f3 con vecinos y vecinas sobre cada una de las obras que se realizaron en el barrio y mejoraron notoriamente su calidad de vida, como la concreci\u00f3n de nuevos asfaltos y obras hidr\u00e1ulicas, adem\u00e1s del avance del Nuevo Complejo Socio Ambiental Eco Parque Quilmes, ubicado en Italia 487, que est\u00e1 desarrollado en conjunto con el Ministerio de Ambiente y Desarrollo Sostenible de la Naci\u00f3n, con financiamiento del Banco Interamericano de Desarrollo.<\/p>\n\n\n\n<p>Por su parte, el titular de la instituci\u00f3n, Walter Cabrera indic\u00f3: \u201cEstamos muy contentos de que haya venido la Intendenta, para nosotros es un honor. Como presidente de la instituci\u00f3n, el apoyo de los centros tradicionalistas no solo de El Fort\u00edn, sino de todos, siempre los va a tener\u201d.<\/p>\n\n\n\n<p>El Fort\u00edn fue fundado el 9 de agosto de 1977 con la finalidad de fomentar y difundir la tradici\u00f3n. Es un espacio trascendental en el barrio, de una gran trayectoria y reconocido a nivel provincial y nacional, donde se realizan diferentes actividades de campo.<\/p>\n\n\n\n<p>La jornada de Mayra sigui\u00f3 en Solano, donde se celebr\u00f3 una nueva edici\u00f3n del D\u00eda de las Infancias, que tuvo actividades recreativas con el taller de clown del CPC Amaicha, que se desarroll\u00f3 en la calle 838 y Donato \u00c1lvarez, que adem\u00e1s cont\u00f3 con un metegol, un pelotero y la presencia del bondi cultural para el disfrute de los ni\u00f1os y ni\u00f1as. A su vez, en la sede del Rotary Club, en 838 N\u00ba 2679, se entregaron juguetes y una merienda para cada uno.<\/p>\n\n\n\n<p>En el lugar, Mayra charl\u00f3 con los presentes sobre la importancia del rol del Estado para garantizar que, en esta fecha, cada ni\u00f1o y ni\u00f1a pueda tener un obsequio y aprovechen las diversas propuestas para divertirse junto a sus familias.<\/p>\n\n\n\n<p>\u201cEs un d\u00eda especial porque tiene que ver con nuestro eje principal de proyecto de trabajo que son las nuevas generaciones en Quilmes, siempre decimos que queremos dejar un Municipio mejor del que encontramos y mejor del que vivimos nosotros\u201d, analiz\u00f3 la Intendenta.<\/p>\n\n\n\n<p>Adem\u00e1s, resalt\u00f3: \u201cPara poder transformar muchas realidades injustas y que nuestros ni\u00f1os y ni\u00f1as vivan en un municipio mejor, necesitamos muchos a\u00f1os de trabajo y es por eso que estamos pidi\u00e9ndole a nuestra comunidad que siga acompa\u00f1ando este proyecto de trabajo que tenemos en Quilmes\u201d.<\/p>\n\n\n\n<p>En este marco, la vecina Leonela Vidoni, que asisti\u00f3 al evento con su hijo Gael, relat\u00f3: \u201cQue los chicos puedan disfrutar y tener momentos que no se van a olvidar, compartir cosas y recibir alg\u00fan obsequio, est\u00e1 bueno. Y despu\u00e9s de tanto tiempo, veo m\u00e1s cosas hechas en lo que es el partido de Quilmes en general, no solo en Solano\u201d.<\/p>\n\n\n\n<p>Participaron de las actividades el secretario de Servicios P\u00fablicos, Sebasti\u00e1n Garc\u00eda; la subsecretaria de Deportes y Entidades, Martina Bonanata; la directora general de Juventudes, Ana Palacios; y la concejala Mar\u00eda Bel\u00e9n Mar\u00f3n, entre otros.<\/p>\n","protected":false},"excerpt":{"rendered":"<p>La intendenta de Quilmes, Mayra Mendoza, acompa\u00f1\u00f3 ayer domingo los festejos por el 46\u00ba aniversario&#8230;<\/p>\n","protected":false},"author":1,"featured_media":59656,"comment_status":"closed","ping_status":"closed","sticky":false,"template":"","format":"standard","meta":{"footnotes":""},"categories":[1,3,35],"tags":[],"class_list":["post-65269","post","type-post","status-publish","format-standard","has-post-thumbnail","hentry","category-noticia-del-dia","category-informacion-general","category-politica"],"_links":{"self":[{"href":"https:\/\/conurbanodiario.com.ar\/index.php?rest_route=\/wp\/v2\/posts\/65269","targetHints":{"allow":["GET"]}}],"collection":[{"href":"https:\/\/conurbanodiario.com.ar\/index.php?rest_route=\/wp\/v2\/posts"}],"about":[{"href":"https:\/\/conurbanodiario.com.ar\/index.php?rest_route=\/wp\/v2\/types\/post"}],"author":[{"embeddable":true,"href":"https:\/\/conurbanodiario.com.ar\/index.php?rest_route=\/wp\/v2\/users\/1"}],"replies":[{"embeddable":true,"href":"https:\/\/conurbanodiario.com.ar\/index.php?rest_route=%2Fwp%2Fv2%2Fcomments&post=65269"}],"version-history":[{"count":2,"href":"https:\/\/conurbanodiario.com.ar\/index.php?rest_route=\/wp\/v2\/posts\/65269\/revisions"}],"predecessor-version":[{"id":65272,"href":"https:\/\/conurbanodiario.com.ar\/index.php?rest_route=\/wp\/v2\/posts\/65269\/revisions\/65272"}],"wp:featuredmedia":[{"embeddable":true,"href":"https:\/\/conurbanodiario.com.ar\/index.php?rest_route=\/wp\/v2\/media\/59656"}],"wp:attachment":[{"href":"https:\/\/conurbanodiario.com.ar\/index.php?rest_route=%2Fwp%2Fv2%2Fmedia&parent=65269"}],"wp:term":[{"taxonomy":"category","embeddable":true,"href":"https:\/\/conurbanodiario.com.ar\/index.php?rest_route=%2Fwp%2Fv2%2Fcategories&post=65269"},{"taxonomy":"post_tag","embeddable":true,"href":"https:\/\/conurbanodiario.com.ar\/index.php?rest_route=%2Fwp%2Fv2%2Ftags&post=65269"}],"curies":[{"name":"wp","href":"https:\/\/api.w.org\/{rel}","templated":true}]}}