{"id":65194,"date":"2023-08-25T08:03:21","date_gmt":"2023-08-25T11:03:21","guid":{"rendered":"https:\/\/conurbanodiario.com.ar\/?p=65194"},"modified":"2023-08-25T08:03:22","modified_gmt":"2023-08-25T11:03:22","slug":"kicillof-cuando-dicen-todo-o-nada-es-porque-quieren-llevarse-todo-y-al-pueblo-dejarle-nada","status":"publish","type":"post","link":"https:\/\/conurbanodiario.com.ar\/?p=65194","title":{"rendered":"KICILLOF: &#8220;CUANDO DICEN &#8216;TODO O NADA&#8217; ES PORQUE QUIEREN LLEVARSE TODO Y AL PUEBLO DEJARLE NADA&#8221;"},"content":{"rendered":"\n<p>En el marco del programa Mi Escritura, Mi Casa, el gobernador de la provincia de Buenos Aires, Axel Kicillof, encabez\u00f3 este jueves el acto de entrega de 401 t\u00edtulos de propiedad gratuitos en beneficio de familias de la ciudad de La Plata. Fue en la sede del C\u00edrculo Policial de Tolosa, junto a la vicegobernadora Ver\u00f3nica Magario; el ministro de Justicia y Derechos Humanos, Julio Alak; la presidenta del Instituto Cultural, Florencia Saintout; y los concejales Luis Arias y Paula Lambertini.&nbsp;<\/p>\n\n\n\n<p>\u201cEn nuestra provincia hay miles de familias que est\u00e1n esperando sus escrituras hace mucho tiempo, ya sea por la complejidad de los tr\u00e1mites o por los altos costos de una escriban\u00eda particular\u201d, explic\u00f3 Kicillof y agreg\u00f3: \u201cEl t\u00edtulo de propiedad no solamente perfecciona la tenencia, sino que es un escal\u00f3n para seguir creciendo y contar con mejores posibilidades en el futuro\u201d.<\/p>\n\n\n\n<p>Los t\u00edtulos de propiedad fueron otorgados a familias del barrio Justicia Social que hac\u00eda 16 a\u00f1os esperaban la documentaci\u00f3n que acredite el dominio de sus viviendas. De esta forma se regulariza la situaci\u00f3n de 260 casas que fueron finalizadas en el a\u00f1o 2007 durante la gesti\u00f3n de Alak como intendente del distrito.&nbsp;<\/p>\n\n\n\n<p>Al respecto, Alak indic\u00f3 que \u201cel Gobernador nos dio los recursos necesarios para poner a la Escriban\u00eda General de Gobierno al servicio de nuestro pueblo, y eso es lo que estamos haciendo: ya entregamos m\u00e1s de 80 mil escrituras en toda la provincia de Buenos Aires\u201d. \u201cEste barrio lo terminamos un 19 de noviembre de 2007, a pocos d\u00edas de finalizar mi mandato como intendente de la ciudad. Hoy tengo el enorme placer de cerrar ese c\u00edrculo con la entrega de las escrituras para todas y todos los vecinos\u201d, manifest\u00f3.<\/p>\n\n\n\n<p>El programa Mi Escritura, Mi Casa fue impulsado por el Gobierno de la Provincia a principios de 2020 con el objetivo de brindar seguridad jur\u00eddica a quienes no pueden solventar econ\u00f3micamente los honorarios de un escribano particular. Durante la jornada, adem\u00e1s, las autoridades firmaron otras 60 escrituras.<\/p>\n\n\n\n<p>\u201cA quienes nos dicen que hay que dinamitar el Estado, les decimos que solamente el Estado puede cobijar, reparar y hacer justicia social con pol\u00edticas que le otorgan derechos a nuestra poblaci\u00f3n\u201d, remarc\u00f3 Saintout.<\/p>\n\n\n\n<p>Por \u00faltimo, Kicillof subray\u00f3: \u201cHay sectores que atacan a la soberan\u00eda, la independencia y la justicia social. En un mundo tan desigual, en el que no todos parten desde el mismo lugar, promueven as\u00ed una sociedad en la que la libertad sea \u00fanicamente para los que tienen m\u00e1s &nbsp;recursos\u201d. \u201cTenemos que decidir para qu\u00e9 lado va nuestro pa\u00eds. Cuando hablan de recortar, est\u00e1n hablando de que no haya m\u00e1s escrituras, viviendas, salud y educaci\u00f3n p\u00fablica: cuando dicen&nbsp;<em>\u00b4todo o nada\u00b4<\/em>&nbsp;es porque algunos quieren llevarse todo y al pueblo dejarle nada\u201d, concluy\u00f3.<\/p>\n\n\n\n<p>Participaron tambi\u00e9n del encuentro la ministra de las Mujeres, Pol\u00edticas de G\u00e9nero y Diversidad Sexual, Estela D\u00edaz; el ministro de Hacienda y Finanzas, Pablo L\u00f3pez; el secretario general de ATSA y autoridad de la CGT Regional, Pedro Borgini; la diputada provincial Luc\u00eda Ia\u00f1ez; la concejala Ana Negrete; su par Guillermo Cara; &nbsp;y los dirigentes Pablo El\u00edas, Marcelo Galland y Micaela Maggio.<\/p>\n","protected":false},"excerpt":{"rendered":"<p>En el marco del programa Mi Escritura, Mi Casa, el gobernador de la provincia de&#8230;<\/p>\n","protected":false},"author":1,"featured_media":59656,"comment_status":"closed","ping_status":"closed","sticky":false,"template":"","format":"standard","meta":{"footnotes":""},"categories":[35],"tags":[],"class_list":["post-65194","post","type-post","status-publish","format-standard","has-post-thumbnail","hentry","category-politica"],"_links":{"self":[{"href":"https:\/\/conurbanodiario.com.ar\/index.php?rest_route=\/wp\/v2\/posts\/65194","targetHints":{"allow":["GET"]}}],"collection":[{"href":"https:\/\/conurbanodiario.com.ar\/index.php?rest_route=\/wp\/v2\/posts"}],"about":[{"href":"https:\/\/conurbanodiario.com.ar\/index.php?rest_route=\/wp\/v2\/types\/post"}],"author":[{"embeddable":true,"href":"https:\/\/conurbanodiario.com.ar\/index.php?rest_route=\/wp\/v2\/users\/1"}],"replies":[{"embeddable":true,"href":"https:\/\/conurbanodiario.com.ar\/index.php?rest_route=%2Fwp%2Fv2%2Fcomments&post=65194"}],"version-history":[{"count":1,"href":"https:\/\/conurbanodiario.com.ar\/index.php?rest_route=\/wp\/v2\/posts\/65194\/revisions"}],"predecessor-version":[{"id":65196,"href":"https:\/\/conurbanodiario.com.ar\/index.php?rest_route=\/wp\/v2\/posts\/65194\/revisions\/65196"}],"wp:featuredmedia":[{"embeddable":true,"href":"https:\/\/conurbanodiario.com.ar\/index.php?rest_route=\/wp\/v2\/media\/59656"}],"wp:attachment":[{"href":"https:\/\/conurbanodiario.com.ar\/index.php?rest_route=%2Fwp%2Fv2%2Fmedia&parent=65194"}],"wp:term":[{"taxonomy":"category","embeddable":true,"href":"https:\/\/conurbanodiario.com.ar\/index.php?rest_route=%2Fwp%2Fv2%2Fcategories&post=65194"},{"taxonomy":"post_tag","embeddable":true,"href":"https:\/\/conurbanodiario.com.ar\/index.php?rest_route=%2Fwp%2Fv2%2Ftags&post=65194"}],"curies":[{"name":"wp","href":"https:\/\/api.w.org\/{rel}","templated":true}]}}