{"id":65179,"date":"2023-08-28T01:05:00","date_gmt":"2023-08-28T04:05:00","guid":{"rendered":"https:\/\/conurbanodiario.com.ar\/?p=65179"},"modified":"2023-08-25T07:20:05","modified_gmt":"2023-08-25T10:20:05","slug":"moreno-abrio-la-inscripcion-a-nuevos-cursos-de-formacion-profesional-municipal-2023","status":"publish","type":"post","link":"https:\/\/conurbanodiario.com.ar\/?p=65179","title":{"rendered":"MORENO: ABRI\u00d3 LA INSCRIPCI\u00d3N A NUEVOS CURSOS DE FORMACI\u00d3N PROFESIONAL MUNICIPAL 2023"},"content":{"rendered":"\n<p>El Municipio de Moreno, a trav\u00e9s de la Coordinaci\u00f3n General de Empleo y Capacitaci\u00f3n para el Trabajo del Instituto Municipal de Desarrollo Econ\u00f3mico Local (IMDEL),&nbsp;<strong>abri\u00f3 la inscripci\u00f3n para los nuevos cursos de Formaci\u00f3n Profesional&nbsp;<\/strong>Municipal 2023.<\/p>\n\n\n\n<p>Se trata de la formaci\u00f3n de oficios en los<strong>&nbsp;rubros de gastronom\u00eda, textil e inform\u00e1tica<\/strong>, y se podr\u00e1 optar por las siguientes ocupaciones:&nbsp;<strong>Dise\u00f1o y confecci\u00f3n de mallas y trajes de ba\u00f1o, Confeccionista de Uniformes Escolares, Organizaci\u00f3n de Eventos, Confeccionista de ropa interior para adultos, Dise\u00f1o textil bordado, Dise\u00f1o textil macram\u00e9, Operador u Operadora Gr\u00e1fico Inicial y Recursos Digitales para venta de productos<\/strong>.<\/p>\n\n\n\n<p><strong>La inscripci\u00f3n a los cursos se realiza \u00fanicamente de manera presencial, y se dictar\u00e1n en la Escuela de Formaci\u00f3n T\u00e9cnico Laboral<\/strong>, ubicada en la calle Merlo 2091&nbsp;<strong>y en \u201cLa Agraria\u201d<\/strong>, que se encuentra en M\u00e9xico 646,&nbsp;<strong>desde el mi\u00e9rcoles 23 de agosto hasta el viernes 25 de agosto, 8 a 13 horas<\/strong>.<\/p>\n\n\n\n<p><strong>Para poder inscribirse se deben reunir los siguientes requisitos: ser mayor de 16 a\u00f1os, llevar fotocopia de DNI (ambas caras) y CUIL. Cabe destacar que se admite un solo curso por persona y que para la formaci\u00f3n del \u00e1rea digital se necesitan conocimientos b\u00e1sicos de computaci\u00f3n para la inscripci\u00f3n<\/strong>.<\/p>\n\n\n\n<p>Para mayor informaci\u00f3n sobre cada curso deben ingresar a&nbsp;<a href=\"https:\/\/linktr.ee\/IMDEL_MORENO\">https: \/\/linktr.ee\/IMDEL_MORENO<\/a>\ufeff<\/p>\n","protected":false},"excerpt":{"rendered":"<p>El Municipio de Moreno, a trav\u00e9s de la Coordinaci\u00f3n General de Empleo y Capacitaci\u00f3n para&#8230;<\/p>\n","protected":false},"author":1,"featured_media":59656,"comment_status":"closed","ping_status":"closed","sticky":false,"template":"","format":"standard","meta":{"footnotes":""},"categories":[27],"tags":[],"class_list":["post-65179","post","type-post","status-publish","format-standard","has-post-thumbnail","hentry","category-educacion"],"_links":{"self":[{"href":"https:\/\/conurbanodiario.com.ar\/index.php?rest_route=\/wp\/v2\/posts\/65179","targetHints":{"allow":["GET"]}}],"collection":[{"href":"https:\/\/conurbanodiario.com.ar\/index.php?rest_route=\/wp\/v2\/posts"}],"about":[{"href":"https:\/\/conurbanodiario.com.ar\/index.php?rest_route=\/wp\/v2\/types\/post"}],"author":[{"embeddable":true,"href":"https:\/\/conurbanodiario.com.ar\/index.php?rest_route=\/wp\/v2\/users\/1"}],"replies":[{"embeddable":true,"href":"https:\/\/conurbanodiario.com.ar\/index.php?rest_route=%2Fwp%2Fv2%2Fcomments&post=65179"}],"version-history":[{"count":1,"href":"https:\/\/conurbanodiario.com.ar\/index.php?rest_route=\/wp\/v2\/posts\/65179\/revisions"}],"predecessor-version":[{"id":65181,"href":"https:\/\/conurbanodiario.com.ar\/index.php?rest_route=\/wp\/v2\/posts\/65179\/revisions\/65181"}],"wp:featuredmedia":[{"embeddable":true,"href":"https:\/\/conurbanodiario.com.ar\/index.php?rest_route=\/wp\/v2\/media\/59656"}],"wp:attachment":[{"href":"https:\/\/conurbanodiario.com.ar\/index.php?rest_route=%2Fwp%2Fv2%2Fmedia&parent=65179"}],"wp:term":[{"taxonomy":"category","embeddable":true,"href":"https:\/\/conurbanodiario.com.ar\/index.php?rest_route=%2Fwp%2Fv2%2Fcategories&post=65179"},{"taxonomy":"post_tag","embeddable":true,"href":"https:\/\/conurbanodiario.com.ar\/index.php?rest_route=%2Fwp%2Fv2%2Ftags&post=65179"}],"curies":[{"name":"wp","href":"https:\/\/api.w.org\/{rel}","templated":true}]}}