{"id":65169,"date":"2023-08-25T01:08:26","date_gmt":"2023-08-25T04:08:26","guid":{"rendered":"https:\/\/conurbanodiario.com.ar\/?p=65169"},"modified":"2023-08-25T05:31:24","modified_gmt":"2023-08-25T08:31:24","slug":"se-encuentra-abierta-la-inscripcion-para-el-primer-periodo-2024-a-carreras-de-la-modalidad-a-distancia","status":"publish","type":"post","link":"https:\/\/conurbanodiario.com.ar\/?p=65169","title":{"rendered":"SE ENCUENTRA ABIERTA LA INSCRIPCI\u00d3N PARA EL PRIMER PER\u00cdODO 2024 A CARRERAS DE LA MODALIDAD A DISTANCIA"},"content":{"rendered":"\n<p>La Universidad Nacional de Quilmes Virtual abri\u00f3 la inscripci\u00f3n a nuevos aspirantes a carreras de grado y pregrado de la modalidad a distancia, para el primer per\u00edodo 2024 seg\u00fan el siguiente calendario:<\/p>\n\n\n\n<p><strong><em>1er. Per\u00edodo de Clases Febrero 2024<\/em><\/strong><\/p>\n\n\n\n<p><strong>Inscripci\u00f3n de aspirantes a carreras:<\/strong>&nbsp;del 16 de agosto al 17 de septiembre de 2023<\/p>\n\n\n\n<p><strong>Cierre de matriculaci\u00f3n:&nbsp;<\/strong>24 de noviembre de 2023<\/p>\n\n\n\n<p>Los aspirantes podr\u00e1n realizar la inscripci\u00f3n en el siguiente&nbsp;<a href=\"https:\/\/g3preinscripcion.uvq.edu.ar\/preinscripcion\/uvq\/\">LINK.<\/a><\/p>\n\n\n\n<p>Recomendamos, antes de iniciar la inscripci\u00f3n, leer cuidadosamente la gu\u00eda desarrollada para el proceso de inscripci\u00f3n a las carreras de grado y pregrado disponible en el siguiente&nbsp;<a href=\"http:\/\/www.unq.edu.ar\/secciones\/527-gu%C3%ADa-de-inscripci%C3%B3n\/\">LINK<\/a>.<\/p>\n","protected":false},"excerpt":{"rendered":"<p>La Universidad Nacional de Quilmes Virtual abri\u00f3 la inscripci\u00f3n a nuevos aspirantes a carreras de&#8230;<\/p>\n","protected":false},"author":1,"featured_media":59656,"comment_status":"closed","ping_status":"closed","sticky":false,"template":"","format":"standard","meta":{"footnotes":""},"categories":[27],"tags":[],"class_list":["post-65169","post","type-post","status-publish","format-standard","has-post-thumbnail","hentry","category-educacion"],"_links":{"self":[{"href":"https:\/\/conurbanodiario.com.ar\/index.php?rest_route=\/wp\/v2\/posts\/65169","targetHints":{"allow":["GET"]}}],"collection":[{"href":"https:\/\/conurbanodiario.com.ar\/index.php?rest_route=\/wp\/v2\/posts"}],"about":[{"href":"https:\/\/conurbanodiario.com.ar\/index.php?rest_route=\/wp\/v2\/types\/post"}],"author":[{"embeddable":true,"href":"https:\/\/conurbanodiario.com.ar\/index.php?rest_route=\/wp\/v2\/users\/1"}],"replies":[{"embeddable":true,"href":"https:\/\/conurbanodiario.com.ar\/index.php?rest_route=%2Fwp%2Fv2%2Fcomments&post=65169"}],"version-history":[{"count":1,"href":"https:\/\/conurbanodiario.com.ar\/index.php?rest_route=\/wp\/v2\/posts\/65169\/revisions"}],"predecessor-version":[{"id":65171,"href":"https:\/\/conurbanodiario.com.ar\/index.php?rest_route=\/wp\/v2\/posts\/65169\/revisions\/65171"}],"wp:featuredmedia":[{"embeddable":true,"href":"https:\/\/conurbanodiario.com.ar\/index.php?rest_route=\/wp\/v2\/media\/59656"}],"wp:attachment":[{"href":"https:\/\/conurbanodiario.com.ar\/index.php?rest_route=%2Fwp%2Fv2%2Fmedia&parent=65169"}],"wp:term":[{"taxonomy":"category","embeddable":true,"href":"https:\/\/conurbanodiario.com.ar\/index.php?rest_route=%2Fwp%2Fv2%2Fcategories&post=65169"},{"taxonomy":"post_tag","embeddable":true,"href":"https:\/\/conurbanodiario.com.ar\/index.php?rest_route=%2Fwp%2Fv2%2Ftags&post=65169"}],"curies":[{"name":"wp","href":"https:\/\/api.w.org\/{rel}","templated":true}]}}