{"id":65166,"date":"2023-08-25T04:52:28","date_gmt":"2023-08-25T07:52:28","guid":{"rendered":"https:\/\/conurbanodiario.com.ar\/?p=65166"},"modified":"2023-08-25T04:52:28","modified_gmt":"2023-08-25T07:52:28","slug":"la-matanza-exime-del-pago-de-tasas-a-radicacion-de-pymes-que-se-radiquen-y-contraten-personal","status":"publish","type":"post","link":"https:\/\/conurbanodiario.com.ar\/?p=65166","title":{"rendered":"LA MATANZA EXIME DEL PAGO DE TASAS A RADICACI\u00d3N DE PYMES QUE SE RADIQUEN Y CONTRATEN PERSONAL"},"content":{"rendered":"\n<p>El Municipio de La Matanza anunci\u00f3 un conjunto de medidas destinadas a industrias, comercios y PyMEs por el cual se exime hasta un 100% del pago de tasas a las nuevas firmas que se radiquen all\u00ed y contraten personal.<\/p>\n\n\n\n<p>En un comunicado, el intendente local, Fernando Espinoza, se\u00f1al\u00f3 que \u00ablas medidas fiscales que impulsamos en La Matanza demuestran el compromiso de un gobierno local que trabaja con y para las peque\u00f1as empresas, as\u00ed como la industria y el comercio\u00bb.<\/p>\n\n\n\n<p>Espinoza agreg\u00f3 que \u00abestamos convencidos del impacto positivo que esto genera en la econom\u00eda del distrito, porque estimula el crecimiento y potencia el desarrollo de estos sectores de La Matanza, y en consecuencia de la Provincia de Buenos Aires y por supuesto del pa\u00eds\u00bb.<\/p>\n\n\n\n<p>\u00abCon m\u00e1s de 7200 empresas, La Matanza es hoy la Capital Nacional de la Producci\u00f3n y el Trabajo porque, entre otras cosas, pensamos y llevamos a cabo pol\u00edticas que generen oportunidades de empleo y de desarrollo para nuestra gente\u00bb, concluy\u00f3 el Intendente, que lidera diversas iniciativas destinadas a fomentar el desarrollo y el crecimiento de las industrias y las peque\u00f1as y medianas empresas, a trav\u00e9s de misiones comerciales al exterior para aumentar las exportaciones de productos y servicios del distrito; rondas de negocios con empresas del pa\u00eds; incentivos econ\u00f3micos a las PyMEs, como los aportes no reembolsables; y cursos para potenciar emprendimientos, entre otras\u00bb, detall\u00f3 el jefe comunal.<\/p>\n\n\n\n<p>El Programa de Promoci\u00f3n del Empleo y la Actividad Productiva contempla, entre otros beneficios, la eximici\u00f3n de hasta un 100% en las distintas tasas municipales para aquellas industrias y PyMEs que se radiquen en el distrito y generen empleo directo.<\/p>\n\n\n\n<p>Los beneficios apuntan a impulsar el empleo, la inversi\u00f3n y la producci\u00f3n, y contemplan la eliminaci\u00f3n o reducci\u00f3n de la tasa por habilitaci\u00f3n, derecho de construcci\u00f3n, publicidad y propaganda e inspecci\u00f3n de seguridad e higiene, entre otras. <\/p>\n","protected":false},"excerpt":{"rendered":"<p>El Municipio de La Matanza anunci\u00f3 un conjunto de medidas destinadas a industrias, comercios y&#8230;<\/p>\n","protected":false},"author":1,"featured_media":59656,"comment_status":"closed","ping_status":"closed","sticky":false,"template":"","format":"standard","meta":{"footnotes":""},"categories":[3],"tags":[],"class_list":["post-65166","post","type-post","status-publish","format-standard","has-post-thumbnail","hentry","category-informacion-general"],"_links":{"self":[{"href":"https:\/\/conurbanodiario.com.ar\/index.php?rest_route=\/wp\/v2\/posts\/65166","targetHints":{"allow":["GET"]}}],"collection":[{"href":"https:\/\/conurbanodiario.com.ar\/index.php?rest_route=\/wp\/v2\/posts"}],"about":[{"href":"https:\/\/conurbanodiario.com.ar\/index.php?rest_route=\/wp\/v2\/types\/post"}],"author":[{"embeddable":true,"href":"https:\/\/conurbanodiario.com.ar\/index.php?rest_route=\/wp\/v2\/users\/1"}],"replies":[{"embeddable":true,"href":"https:\/\/conurbanodiario.com.ar\/index.php?rest_route=%2Fwp%2Fv2%2Fcomments&post=65166"}],"version-history":[{"count":1,"href":"https:\/\/conurbanodiario.com.ar\/index.php?rest_route=\/wp\/v2\/posts\/65166\/revisions"}],"predecessor-version":[{"id":65168,"href":"https:\/\/conurbanodiario.com.ar\/index.php?rest_route=\/wp\/v2\/posts\/65166\/revisions\/65168"}],"wp:featuredmedia":[{"embeddable":true,"href":"https:\/\/conurbanodiario.com.ar\/index.php?rest_route=\/wp\/v2\/media\/59656"}],"wp:attachment":[{"href":"https:\/\/conurbanodiario.com.ar\/index.php?rest_route=%2Fwp%2Fv2%2Fmedia&parent=65166"}],"wp:term":[{"taxonomy":"category","embeddable":true,"href":"https:\/\/conurbanodiario.com.ar\/index.php?rest_route=%2Fwp%2Fv2%2Fcategories&post=65166"},{"taxonomy":"post_tag","embeddable":true,"href":"https:\/\/conurbanodiario.com.ar\/index.php?rest_route=%2Fwp%2Fv2%2Ftags&post=65166"}],"curies":[{"name":"wp","href":"https:\/\/api.w.org\/{rel}","templated":true}]}}